{"id":16195,"date":"2015-10-11T16:58:52","date_gmt":"2015-10-11T15:58:52","guid":{"rendered":"http:\/\/www.turismefacil.org\/?p=16195"},"modified":"2022-05-23T11:27:55","modified_gmt":"2022-05-23T10:27:55","slug":"museu-dart-a-cerdanyola-del-valles-modernisme-i-art-contemporani","status":"publish","type":"post","link":"https:\/\/www.turismefacil.org\/?p=16195","title":{"rendered":"Museu d&#8217;Art a Cerdanyola del Vall\u00e8s. Modernisme i Art Contemporani"},"content":{"rendered":"<p>Avui, hem visitat (amb motiu de les Jornades Europees del Patrimoni) el <a href=\"https:\/\/ca.wikipedia.org\/wiki\/Museu_d'Art_de_Cerdanyola\" title=\"Museu d'Art de Cerdanyola\" target=\"_blank\" rel=\"noopener noreferrer\">Museu d&#8217;Art de Cerdanyola<\/a>, un petit Museu on hem descobert que al marge d&#8217;una interessant col.lecci\u00f3 de Modernisme, t\u00e9 d&#8217;altres tamb\u00e9 molt interessants.<\/p>\n<table>\n<tbody>\n<tr>\n<td>\n<iframe loading=\"lazy\" src=\"https:\/\/www.google.com\/maps\/embed?pb=!1m18!1m12!1m3!1d2988.596769705072!2d2.1368128154290225!3d41.49134087925482!2m3!1f0!2f0!3f0!3m2!1i1024!2i768!4f13.1!3m3!1m2!1s0x0%3A0x695c4373db504826!2sMuseu+d'Art+de+Cerdanyola-Can+Dom%C3%A8nech!5e0!3m2!1sca!2sus!4v1491934238703\" style=\"border:0\" allowfullscreen=\"\" width=\"600\" height=\"450\" frameborder=\"0\"><\/iframe><\/td>\n<\/tr>\n<\/tbody>\n<\/table>\n<p>El Museu est\u00e0 lliure de barreres arquitect\u00f2niques. Disposa de lavabos adaptats (potser \u00e9s podrien millorar, ja que el rentamans est\u00e0 una mica alt, per\u00f2 el cas \u00e9s que s\u00f3n lavabos per tothom i adaptar-lo a totes les necessitats en aquest cas no deu ser feina f\u00e0cil. El que si hi han s\u00f3n barres de subjecci\u00f3 i recolzament.<\/p>\n<p>El Museu est\u00e0 dividit en dues plantes, totes dues ben comunicades amb ascensor. A la planta baixa o carrer, trobem la col.lecci\u00f3 que a mi m\u00e9s em sedueix, el Modernisme.<\/p>\n<table>\n<tbody>\n<tr>\n<td>\n<img loading=\"lazy\" decoding=\"async\" alt=\"Modernisme. Sala del Museu d'Art de Cerdanyola del Vall\u00e9s\" src=\"https:\/\/farm6.staticflickr.com\/5801\/21905023008_ee07f53742_b.jpg\" title=\"Modernisme. Sala del Museu d'Art de Cerdanyola del Vall\u00e9s\" width=\"682\" height=\"1024\">Modernisme. Sala del Museu d&#8217;Art de Cerdanyola del Vall\u00e9s<\/td>\n<\/tr>\n<\/tbody>\n<\/table>\n<p>Us animem a fer una visita que val la pena, i encara que sigui un Museu petit, \u00e9s encantador i podreu gaudir de moltes obres art\u00edstiques, fotografia, pintura i escultura.<\/p>\n","protected":false},"excerpt":{"rendered":"<p>Avui, hem visitat (amb motiu de les Jornades Europees del Patrimoni) el Museu d&#8217;Art de Cerdanyola, un petit Museu on hem descobert que al marge d&#8217;una interessant col.lecci\u00f3 de Modernisme, t\u00e9 d&#8217;altres tamb\u00e9 molt interessants. El Museu est\u00e0 lliure de barreres arquitect\u00f2niques. Disposa de lavabos adaptats (potser \u00e9s podrien millorar, ja que el rentamans est\u00e0 [&hellip;]<\/p>\n","protected":false},"author":4,"featured_media":17761,"comment_status":"open","ping_status":"open","sticky":false,"template":"","format":"standard","meta":{"footnotes":""},"categories":[123,4,306],"tags":[385,308,307,374,83,394],"class_list":["post-16195","post","type-post","status-publish","format-standard","has-post-thumbnail","hentry","category-art","category-fotografia","category-pintura","tag-art","tag-catalunya","tag-cerdanyola-del-valles","tag-fotografia","tag-modernisme","tag-pintura"],"_links":{"self":[{"href":"https:\/\/www.turismefacil.org\/index.php?rest_route=\/wp\/v2\/posts\/16195","targetHints":{"allow":["GET"]}}],"collection":[{"href":"https:\/\/www.turismefacil.org\/index.php?rest_route=\/wp\/v2\/posts"}],"about":[{"href":"https:\/\/www.turismefacil.org\/index.php?rest_route=\/wp\/v2\/types\/post"}],"author":[{"embeddable":true,"href":"https:\/\/www.turismefacil.org\/index.php?rest_route=\/wp\/v2\/users\/4"}],"replies":[{"embeddable":true,"href":"https:\/\/www.turismefacil.org\/index.php?rest_route=%2Fwp%2Fv2%2Fcomments&post=16195"}],"version-history":[{"count":32,"href":"https:\/\/www.turismefacil.org\/index.php?rest_route=\/wp\/v2\/posts\/16195\/revisions"}],"predecessor-version":[{"id":17762,"href":"https:\/\/www.turismefacil.org\/index.php?rest_route=\/wp\/v2\/posts\/16195\/revisions\/17762"}],"wp:featuredmedia":[{"embeddable":true,"href":"https:\/\/www.turismefacil.org\/index.php?rest_route=\/wp\/v2\/media\/17761"}],"wp:attachment":[{"href":"https:\/\/www.turismefacil.org\/index.php?rest_route=%2Fwp%2Fv2%2Fmedia&parent=16195"}],"wp:term":[{"taxonomy":"category","embeddable":true,"href":"https:\/\/www.turismefacil.org\/index.php?rest_route=%2Fwp%2Fv2%2Fcategories&post=16195"},{"taxonomy":"post_tag","embeddable":true,"href":"https:\/\/www.turismefacil.org\/index.php?rest_route=%2Fwp%2Fv2%2Ftags&post=16195"}],"curies":[{"name":"wp","href":"https:\/\/api.w.org\/{rel}","templated":true}]}}