{"id":16435,"date":"2016-02-21T12:15:49","date_gmt":"2016-02-21T11:15:49","guid":{"rendered":"http:\/\/www.turismefacil.org\/?p=16435"},"modified":"2022-05-23T11:27:17","modified_gmt":"2022-05-23T10:27:17","slug":"el-monestir-de-pedralbes-un-viatge-al-passat-des-del-present","status":"publish","type":"post","link":"https:\/\/www.turismefacil.org\/?p=16435","title":{"rendered":"El Monestir de Pedralbes. Un viatge al passat des del present"},"content":{"rendered":"<p>El Monestir de Pedralbes \u00e9s un viatge al passat i practicament sense barreres arquitect\u00f2niques<br \/>\n<iframe loading=\"lazy\" src=\"https:\/\/www.google.com\/maps\/embed?pb=!1m18!1m12!1m3!1d2992.9773395015904!2d2.11059371583673!3d41.39629847926342!2m3!1f0!2f0!3f0!3m2!1i1024!2i768!4f13.1!3m3!1m2!1s0x0000000000000000%3A0x8f8389e434b020ac!2sMonestir+de+Pedralbes!5e0!3m2!1sca!2ses!4v1456053076155\" style=\"border:0\" allowfullscreen=\"\" width=\"600\" height=\"450\" frameborder=\"0\"><\/iframe>&lt;<\/p>\n<p>Aquest Monestir ha passat per diferents etapes, algunes m\u00e9s reposades i d&#8217;altres m\u00e9s convulses, res a estranyar si va ser constru\u00eft cap al segle XIV.<br \/>\nDes del punt de vista del segle XXI ens ha quedat una joia hist\u00f2rica i art\u00edstica que val la pena entrar dins les seves parets. Jo no vaig poder estar de pensar quan tocava les pedres de les parets i els bancs tota la seva hist\u00f2ria.<\/p>\n<p>La visita comen\u00e7a des del claustre, pr\u00e8via visita a les taquilles <strong>(no accessibles, alg\u00fa haur\u00e0 d&#8217;avisar per nosaltres si anem en cadira de rodes que ens obrin per la part superior)<\/strong> per obtenir la corresponent entrada, segons la situaci\u00f3 social de la persona haurem de pagar o no, o obtenir <a href=\"http:\/\/monestirpedralbes.bcn.cat\/ca\/visita\/horaris-preus\" title=\"Preus del Monestir de Pedralbes\" target=\"_blank\" rel=\"noopener noreferrer\">preu redu\u00eft<\/a>.<br \/>\nUn cop amb les entrades a la m\u00e0, comencem la visita pel claustre.<\/p>\n<figure style=\"width: 1600px\" class=\"wp-caption alignleft\"><img loading=\"lazy\" decoding=\"async\" alt=\"Claustre del Monestir de Pedralbes. Barcelona\" src=\"https:\/\/farm2.staticflickr.com\/1652\/25153458765_f750ea4134_h.jpg\" title=\"Claustre del Monestir de Pedralbes. Barcelona\" width=\"1600\" height=\"1095\"><figcaption class=\"wp-caption-text\">Claustre del Monestir de Pedralbes. Barcelona<\/figcaption><\/figure>\n<p>Aquest claustre, al marge d&#8217;estar envoltat per les estances del monestir, com les cel.les diurnes, l&#8217;infermeria, el refetor, la cuina &#8211; on veurem molt b\u00e9 el pas del temps, ja que t\u00e9 una cuina econ\u00f2mica i altre de gas, i diversos estris &#8211; t\u00e9 un interessant i reposat jard\u00ed, on trobarem arbres fruiters, la font on les monges es rent\u00e0ven les mans abans d&#8217;anar a dinar, i una col.lecci\u00f3 interessant plantaci\u00f3 d&#8217;herbes arom\u00e0tiques i medicinals.<\/p>\n<figure style=\"width: 1065px\" class=\"wp-caption alignleft\"><img loading=\"lazy\" decoding=\"async\" alt=\"Marx\u00edvol. Monestir de Pedralbes. Barcelona\" src=\"https:\/\/farm2.staticflickr.com\/1652\/25073017631_c91b6e9d6f_h.jpg\" title=\"Marx\u00edvol. Monestir de Pedralbes. Barcelona\" width=\"1065\" height=\"1600\"><figcaption class=\"wp-caption-text\">Marx\u00edvol. Monestir de Pedralbes. Barcelona<\/figcaption><\/figure>\n<figure style=\"width: 1600px\" class=\"wp-caption alignnone\"><img loading=\"lazy\" decoding=\"async\" alt=\"Detall del refetor. Monestir de Pedralbes\" src=\"https:\/\/farm2.staticflickr.com\/1668\/24785754119_ed893369e9_h.jpg\" title=\"Detall del refetor. Monestir de Pedralbes\" width=\"1600\" height=\"1065\"><figcaption class=\"wp-caption-text\">Detall del refetor. Monestir de Pedralbes<\/figcaption><\/figure>\n<figure style=\"width: 1600px\" class=\"wp-caption alignnone\"><img loading=\"lazy\" decoding=\"async\" alt=\"Detall del refetor. Monestir de Pedralbes. Barcelona\" src=\"https:\/\/farm2.staticflickr.com\/1467\/25035193392_425f940d01_h.jpg\" title=\"Detall del refetor. Monestir de Pedralbes. Barcelona\" width=\"1600\" height=\"1065\"><figcaption class=\"wp-caption-text\">Detall del refetor. Monestir de Pedralbes. Barcelona<\/figcaption><\/figure>\n<figure style=\"width: 1249px\" class=\"wp-caption alignnone\"><img loading=\"lazy\" decoding=\"async\" alt=\"Detall de la Cuina del Monestir\" src=\"https:\/\/drscdn.500px.org\/photo\/239186275\/m%3D900\/v2?user_id=734548&amp;webp=true&amp;sig=9a1e1be18b8f00a96fabdc2498b7894c301b822bed3ec4dfe41b5df70e2a2a2f\" title=\"Detall de la Cuina del Monestir\" width=\"1249\" height=\"1600\"><figcaption class=\"wp-caption-text\">Detall de la Cuina del Monestir<\/figcaption><\/figure>\n<figure style=\"width: 962px\" class=\"wp-caption alignnone\"><img loading=\"lazy\" decoding=\"async\" alt=\"Detall d'estris. Cuina del Monestir\" src=\"https:\/\/drscdn.500px.org\/photo\/239186307\/m%3D900\/v2?user_id=734548&amp;webp=true&amp;sig=1757a9435f91b88216c1747ec41a1fa21ad722d4985063267709943901b79583\" title=\"Detall d'estris. Cuina del Monestir\" width=\"962\" height=\"1600\"><figcaption class=\"wp-caption-text\">Detall d&#8217;estris. Cuina del Monestir<\/figcaption><\/figure>\n<p>Encara al claustre tindrem ocasi\u00f3 de veure la <a href=\"http:\/\/monestirpedralbes.bcn.cat\/ca\/monestir\/lespai\/capella_de_sant_miquel\" title=\"Capella de Sant Miquel. Monestir de Pedralbes. Barcelona\" target=\"_blank\" rel=\"noopener noreferrer\">Capella de Sant Miquel<\/a> amb una interessant\u00edsima col.lecci\u00f3 de pintures murals<\/p>\n<figure style=\"width: 1600px\" class=\"wp-caption alignnone\"><img loading=\"lazy\" decoding=\"async\" alt=\"Mural de la Capella de Sant Miquel, al Monestir de Pedralbes.\" src=\"https:\/\/drscdn.500px.org\/photo\/239186405\/m%3D900\/v2?user_id=734548&amp;webp=true&amp;sig=9ca1977c4c8be5f4ff1795539fa6fd24f9831a65ae87b53e414e4546f7d98524\" title=\"Mural de la Capella de Sant Miquel, al Monestir de Pedralbes.\" width=\"1600\" height=\"1065\"><figcaption class=\"wp-caption-text\">Mural de la Capella de Sant Miquel, al Monestir de Pedralbes.<\/figcaption><\/figure>\n<figure style=\"width: 1600px\" class=\"wp-caption alignnone\"><img loading=\"lazy\" decoding=\"async\" alt=\"Mural de la Capella de Sant Miquel. Monestir de Pedralbes. Barcelona\" src=\"https:\/\/drscdn.500px.org\/photo\/239186301\/m%3D900\/v2?user_id=734548&amp;webp=true&amp;sig=b100e52ce1945817b49970845f297c0936dd868094286d8b4d373f5d3e3e170d\" title=\"Mural de la Capella de Sant Miquel. Monestir de Pedralbes. Barcelona\" width=\"1600\" height=\"1065\"><figcaption class=\"wp-caption-text\">Mural de la Capella de Sant Miquel. Monestir de Pedralbes. Barcelona<\/figcaption><\/figure>\n<p>Despr\u00e8s de la planta del claustre, \u00e9s moment de pujar a les plantes superiors. Encara que sigui una construcci\u00f3 original del segle XIV i les seves corresponents modificacions en segles posteriors, al segle XX v\u00e0ren posar ascensor, encara que per la distribuci\u00f3 del monestir \u00e9s accessible per\u00f3 no est\u00e0 totalment adaptat. El di\u00e0metre del passad\u00eds que d\u00f3na a l&#8217;ascensor (de dimensions una mica petites per segons quina cadira &#8211; una handbike per exemple, no hi cap, s&#8217;hauria de desmuntar abans de pujar) no t\u00e9 un gir 100% adaptat i necessitarem ajuda. Proveu-lo, no us quedeu amb les ganes, pujar-hi val molt la pena.<\/p>\n<p>Podeu ampliar la informaci\u00f3 al web del propi <a href=\"http:\/\/monestirpedralbes.bcn.cat\/ca\/visita\/horaris-preus\" title=\"Informaci\u00f3 general del Monestir de Pedralbes.\" target=\"_blank\" rel=\"noopener noreferrer\">Monestir<\/a><\/p>\n","protected":false},"excerpt":{"rendered":"<p>El Monestir de Pedralbes \u00e9s un viatge al passat i practicament sense barreres arquitect\u00f2niques &lt; Aquest Monestir ha passat per diferents etapes, algunes m\u00e9s reposades i d&#8217;altres m\u00e9s convulses, res a estranyar si va ser constru\u00eft cap al segle XIV. Des del punt de vista del segle XXI ens ha quedat una joia hist\u00f2rica i [&hellip;]<\/p>\n","protected":false},"author":4,"featured_media":17753,"comment_status":"open","ping_status":"open","sticky":false,"template":"","format":"standard","meta":{"footnotes":""},"categories":[123,18,60,4,115,298,306,8],"tags":[385,377,379,374,383,152,394,15],"class_list":["post-16435","post","type-post","status-publish","format-standard","has-post-thumbnail","hentry","category-art","category-barcelona","category-botanica","category-fotografia","category-historia","category-mobilitat-reduida-2","category-pintura","category-turisme-rutes-dun-dia","tag-art","tag-barcelona","tag-botanica","tag-fotografia","tag-historia","tag-mobilitat-reduida","tag-pintura","tag-turisme-sense-barreres"],"_links":{"self":[{"href":"https:\/\/www.turismefacil.org\/index.php?rest_route=\/wp\/v2\/posts\/16435","targetHints":{"allow":["GET"]}}],"collection":[{"href":"https:\/\/www.turismefacil.org\/index.php?rest_route=\/wp\/v2\/posts"}],"about":[{"href":"https:\/\/www.turismefacil.org\/index.php?rest_route=\/wp\/v2\/types\/post"}],"author":[{"embeddable":true,"href":"https:\/\/www.turismefacil.org\/index.php?rest_route=\/wp\/v2\/users\/4"}],"replies":[{"embeddable":true,"href":"https:\/\/www.turismefacil.org\/index.php?rest_route=%2Fwp%2Fv2%2Fcomments&post=16435"}],"version-history":[{"count":34,"href":"https:\/\/www.turismefacil.org\/index.php?rest_route=\/wp\/v2\/posts\/16435\/revisions"}],"predecessor-version":[{"id":17754,"href":"https:\/\/www.turismefacil.org\/index.php?rest_route=\/wp\/v2\/posts\/16435\/revisions\/17754"}],"wp:featuredmedia":[{"embeddable":true,"href":"https:\/\/www.turismefacil.org\/index.php?rest_route=\/wp\/v2\/media\/17753"}],"wp:attachment":[{"href":"https:\/\/www.turismefacil.org\/index.php?rest_route=%2Fwp%2Fv2%2Fmedia&parent=16435"}],"wp:term":[{"taxonomy":"category","embeddable":true,"href":"https:\/\/www.turismefacil.org\/index.php?rest_route=%2Fwp%2Fv2%2Fcategories&post=16435"},{"taxonomy":"post_tag","embeddable":true,"href":"https:\/\/www.turismefacil.org\/index.php?rest_route=%2Fwp%2Fv2%2Ftags&post=16435"}],"curies":[{"name":"wp","href":"https:\/\/api.w.org\/{rel}","templated":true}]}}