{"id":16557,"date":"2016-05-29T20:51:57","date_gmt":"2016-05-29T19:51:57","guid":{"rendered":"http:\/\/www.turismefacil.org\/?p=16557"},"modified":"2022-05-23T11:26:24","modified_gmt":"2022-05-23T10:26:24","slug":"natura-arquitectura-i-historia-el-parc-nacional-daiguestortes-i-les-ermites-del-romanic","status":"publish","type":"post","link":"https:\/\/www.turismefacil.org\/?p=16557","title":{"rendered":"Natura, Arquitectura i Hist\u00f2ria. El Parc Nacional d&#8217;Aig\u00fcestortes i les ermites del rom\u00e0nic"},"content":{"rendered":"<p>Aquesta vegada hem decidit visitar La Vall de Bo\u00ed amb les seves esgl\u00e9sies rom\u00e0niques &#8211; Patrimoni de la Humanitat &#8211; i el Parc Nacional d&#8217;Aig\u00fcestortes, una zona de natura preservada fant\u00e0stica.<\/p>\n<p><iframe loading=\"lazy\" style=\"border: 0;\" src=\"https:\/\/www.google.com\/maps\/embed?pb=!1m18!1m12!1m3!1d94066.0959852619!2d0.7857231481185363!3d42.54328377426002!2m3!1f0!2f0!3f0!3m2!1i1024!2i768!4f13.1!3m3!1m2!1s0x12a6209c8c0ff1d3%3A0x400fae021a4bc30!2sLa+Vall+de+Bo%C3%AD%2C+Lleida!5e0!3m2!1sca!2ses!4v1463817252819\" width=\"600\" height=\"450\" frameborder=\"0\" allowfullscreen=\"allowfullscreen\"><\/iframe><\/p>\n<p>Sab\u00edem ja, per una visita anterior, que amb cadira de rodes \u00e9s relativament f\u00e0cil gaudir-ne sempre que es tingui cotxe per despla\u00e7ar-se.<\/p>\n<p>Hi hem estat quatre dies, de dilluns a dijous, per tenir la tranquil.litat de poder veure-ho tot sense pressa.<\/p>\n<p><strong>Primer dia<\/strong><br \/>\nEl nostre punt base va ser Ta\u00fcll, i el nostre allotjament, <a title=\"Hotel El Rantiner. \" href=\"http:\/\/www.hotelelrantiner.com\/ca\/\" target=\"_blank\" rel=\"noopener noreferrer\">l&#8217;Hotel Rantiner.<\/a><\/p>\n<p>L&#8217;hotel \u00e9s r\u00fastic de muntanya amb aparcament a la porta. L&#8217;entrada te doble porta amb un petit gra\u00f3 d&#8217;un parell de dits f\u00e0cilment salvable. A dins, el menjador i la sala d&#8217;estar no tenen cap problema d&#8217;accessibilitat. T\u00e9 ascensor. Nosaltres ens vam allotjar en una habitaci\u00f3 que no \u00e9s pr\u00f2piament adaptada &#8211; pel meu tipus de mobilitat no em cal &#8211; per\u00f2 tenia la dutxa plana. En canvi, s\u00ed que n&#8217;hi ha una altra amb el lavabo adaptat, m\u00e9s gran, amb dutxa tamb\u00e9 plana i v\u00e0ter amb una barra (nom\u00e9s una). La pica, tant en una habitaci\u00f3 con en l&#8217;altra, permet apropar-se amb cadira de rodes, per\u00f2 segueixent estant situades massa altes. L&#8217;habitaci\u00f3 adaptada permet posar dos llits individuals i un altre de m\u00e9s petit o b\u00e9 un llit de matrimoni. L&#8217;establiment nom\u00e9s serveix esmorzars per\u00f2 te servei de bar si volem prendre alguna cosa i tamb\u00e9 prepara entrepans de picnic per si passem el dia fora. Donen informacions de la zona i l&#8217;ambient \u00e9s molt familiar i molt atent.<\/p>\n<p>Dilluns, vam arribar just a l&#8217;hora de dinar. Cal tenir en compte que des de Barcelona s\u00f3n quatre hores de cotxe que vam fer d&#8217;una tirada. La carretera \u00e9s bona, encara que en la part final la N-230 es fa una mica llarga &#8211; \u00e9s clar que tamb\u00e9 podeu decidir fer parades perqu\u00e8 el trajecte no se us faci tan feixuc -. Un cop ben dinats, vam visitar per la tarda l&#8217;ermita de Santa Maria de Ta\u00fcll i despr\u00e9s Sant Climent de Ta\u00fcll, totes dues a la mateixa vila.<\/p>\n<p><img loading=\"lazy\" decoding=\"async\" class=\"alignleft wp-image-17811 size-full\" src=\"http:\/\/www.turismefacil.org\/wp-content\/myUploads\/wpcf7_uploads\/sant-climent-de-tall-tall-alta-ribagora_26511573144_o.jpg\" alt=\"Sant Climent de Ta\u00fcll. Alta Ribagor\u00e7a. Catalunya\" width=\"1600\" height=\"1065\" srcset=\"https:\/\/www.turismefacil.org\/wp-content\/myUploads\/wpcf7_uploads\/sant-climent-de-tall-tall-alta-ribagora_26511573144_o.jpg 1600w, https:\/\/www.turismefacil.org\/wp-content\/myUploads\/wpcf7_uploads\/sant-climent-de-tall-tall-alta-ribagora_26511573144_o-300x200.jpg 300w, https:\/\/www.turismefacil.org\/wp-content\/myUploads\/wpcf7_uploads\/sant-climent-de-tall-tall-alta-ribagora_26511573144_o-1024x682.jpg 1024w, https:\/\/www.turismefacil.org\/wp-content\/myUploads\/wpcf7_uploads\/sant-climent-de-tall-tall-alta-ribagora_26511573144_o-150x100.jpg 150w, https:\/\/www.turismefacil.org\/wp-content\/myUploads\/wpcf7_uploads\/sant-climent-de-tall-tall-alta-ribagora_26511573144_o-768x511.jpg 768w, https:\/\/www.turismefacil.org\/wp-content\/myUploads\/wpcf7_uploads\/sant-climent-de-tall-tall-alta-ribagora_26511573144_o-1536x1022.jpg 1536w\" sizes=\"auto, (max-width: 1600px) 100vw, 1600px\" \/> <img loading=\"lazy\" decoding=\"async\" class=\"alignleft wp-image-17810 size-full\" src=\"http:\/\/www.turismefacil.org\/wp-content\/myUploads\/wpcf7_uploads\/santa-maria-de-tall_27063430791_o.jpg\" alt=\"Santa Maria de Ta\u00fcll. Alta ribagor\u00e7a. Catalunya \" width=\"1065\" height=\"1600\" srcset=\"https:\/\/www.turismefacil.org\/wp-content\/myUploads\/wpcf7_uploads\/santa-maria-de-tall_27063430791_o.jpg 1065w, https:\/\/www.turismefacil.org\/wp-content\/myUploads\/wpcf7_uploads\/santa-maria-de-tall_27063430791_o-200x300.jpg 200w, https:\/\/www.turismefacil.org\/wp-content\/myUploads\/wpcf7_uploads\/santa-maria-de-tall_27063430791_o-682x1024.jpg 682w, https:\/\/www.turismefacil.org\/wp-content\/myUploads\/wpcf7_uploads\/santa-maria-de-tall_27063430791_o-100x150.jpg 100w, https:\/\/www.turismefacil.org\/wp-content\/myUploads\/wpcf7_uploads\/santa-maria-de-tall_27063430791_o-768x1154.jpg 768w, https:\/\/www.turismefacil.org\/wp-content\/myUploads\/wpcf7_uploads\/santa-maria-de-tall_27063430791_o-1022x1536.jpg 1022w\" sizes=\"auto, (max-width: 1065px) 100vw, 1065px\" \/> <img loading=\"lazy\" decoding=\"async\" class=\"alignleft wp-image-17809 size-full\" src=\"http:\/\/www.turismefacil.org\/wp-content\/myUploads\/wpcf7_uploads\/santa-maria-de-tall_26527881353_o.jpg\" alt=\"Santa Maria de Ta\u00fcll. Alta Ribagor\u00e7a. Catalunya \" width=\"1137\" height=\"1600\" srcset=\"https:\/\/www.turismefacil.org\/wp-content\/myUploads\/wpcf7_uploads\/santa-maria-de-tall_26527881353_o.jpg 1137w, https:\/\/www.turismefacil.org\/wp-content\/myUploads\/wpcf7_uploads\/santa-maria-de-tall_26527881353_o-213x300.jpg 213w, https:\/\/www.turismefacil.org\/wp-content\/myUploads\/wpcf7_uploads\/santa-maria-de-tall_26527881353_o-728x1024.jpg 728w, https:\/\/www.turismefacil.org\/wp-content\/myUploads\/wpcf7_uploads\/santa-maria-de-tall_26527881353_o-107x150.jpg 107w, https:\/\/www.turismefacil.org\/wp-content\/myUploads\/wpcf7_uploads\/santa-maria-de-tall_26527881353_o-768x1081.jpg 768w, https:\/\/www.turismefacil.org\/wp-content\/myUploads\/wpcf7_uploads\/santa-maria-de-tall_26527881353_o-1092x1536.jpg 1092w\" sizes=\"auto, (max-width: 1137px) 100vw, 1137px\" \/><\/p>\n<p><span style=\"font-size: inherit;\"><br \/>\n<\/span><\/p>\n<p><span style=\"font-size: inherit;\">Malauradament \u2013 i entenent que \u00e9s una mica complicat per\u00f2 no impossible \u2013l&#8217;acc\u00e9s per a cadires de rodes des de l&#8217;exterior no est\u00e0 encara gaire ben resolt. Segons els espais, s&#8217;han fet temptatives de facilitar l&#8217;entrada utilitzant diferents m\u00e8todes sense gaire bona fortuna. Per exemple, Santa Maria de Ta\u00fcll t\u00e9 una rampa de fusta guardada a l&#8217;interior molt gran i molt pesada que no est\u00e0 posada de forma permanent; perqu\u00e8 hi sigui s&#8217;ha d&#8217;avisar amb anticipaci\u00f3 ja que de la col.locaci\u00f3 se n&#8217;encarrega la brigada m\u00f2bil. Creiem que avui en dia tothom ha de ser el m\u00e9s aut\u00f2nom possible per la qual cosa haver de dependre de trucar a un servei municipal simplement per poder accedir a una esgl\u00e9sia no \u00e9s gens \u00e0gil. A Sant Climent de Ta\u00fcll canvia el sistema; aquesta vegada el que tenen s\u00f3n dues guies m\u00f2bils que cal posar en el mateix moment sobre els dos graons de la porta. Tot i que \u00e9s millor, tampoc \u00e9s adient del tot, ja que d&#8217;entrada cal que la persona que est\u00e0 atenent als visitants deixi la seva feina per posar les guies, i a m\u00e9s a m\u00e9s, si portes algun altre tipus de cadira (com la meva, que te una tercera roda el\u00e8ctrica) tamb\u00e9 sorgeixen dificultats. No seria m\u00e9s f\u00e0cil unificar el criteri i que totes dues esgl\u00e9sies tinguessin una <\/span><a style=\"font-size: inherit;\" title=\"Rampa d'Alumini Enrrollable\" href=\"http:\/\/bon-us.cat\/wp-content\/uploads\/2013\/11\/RAMPA-690x517.png\" target=\"_blank\" rel=\"noopener noreferrer\">rampa d&#8217;alumini (enrollable)<\/a><span style=\"font-size: inherit;\"> i que la mateixa persona que obre el recinte ja la deix\u00e9s posada des de primera hora? No caldria demanar ajuda en la resta de l&#8217;horari i serviria per a tothom. I no \u00e9s un recurs que malmeti els edificis &#8211; no cal fer obres &#8211; i no \u00e9s car. En canvi, a l&#8217;interior, Sant Climent s\u00ed que te rampa. Hi podrem veure un mapping espectacular de les pintures (els originals es conserven al <\/span><a style=\"font-size: inherit;\" title=\"Mnac. Visita virtual. Rom\u00e0nic\" href=\"http:\/\/museunacional.cat\/ca\/itinerario-romanico\" target=\"_blank\" rel=\"noopener noreferrer\">MNAC<\/a><span style=\"font-size: inherit;\">) que ens permetr\u00e0 fer-nos una idea molt aproximada de com quedaven en el seu empla\u00e7ament.<\/span><\/p>\n<p><strong>Segon dia<\/strong><br \/>\nUn cop ben descansats i recuperats amb un bon esmorzar, marxem cap al Planell d&#8217;Aig\u00fcestortes.<\/p>\n<p><img loading=\"lazy\" decoding=\"async\" class=\"alignleft wp-image-17798 size-full\" src=\"http:\/\/www.turismefacil.org\/wp-content\/myUploads\/wpcf7_uploads\/inici-del-cam-al-planell-daigestortes_26539232044_o.jpg\" alt=\"\" width=\"1600\" height=\"1065\" srcset=\"https:\/\/www.turismefacil.org\/wp-content\/myUploads\/wpcf7_uploads\/inici-del-cam-al-planell-daigestortes_26539232044_o.jpg 1600w, https:\/\/www.turismefacil.org\/wp-content\/myUploads\/wpcf7_uploads\/inici-del-cam-al-planell-daigestortes_26539232044_o-300x200.jpg 300w, https:\/\/www.turismefacil.org\/wp-content\/myUploads\/wpcf7_uploads\/inici-del-cam-al-planell-daigestortes_26539232044_o-1024x682.jpg 1024w, https:\/\/www.turismefacil.org\/wp-content\/myUploads\/wpcf7_uploads\/inici-del-cam-al-planell-daigestortes_26539232044_o-150x100.jpg 150w, https:\/\/www.turismefacil.org\/wp-content\/myUploads\/wpcf7_uploads\/inici-del-cam-al-planell-daigestortes_26539232044_o-768x511.jpg 768w, https:\/\/www.turismefacil.org\/wp-content\/myUploads\/wpcf7_uploads\/inici-del-cam-al-planell-daigestortes_26539232044_o-1536x1022.jpg 1536w\" sizes=\"auto, (max-width: 1600px) 100vw, 1600px\" \/><\/p>\n<p>Per arribar al Planell tenim tres opcions: la primera pujar caminant, la segona utilitzar un servei de transport (taxis) des de Bo\u00ed i la tercera i NOM\u00c9S en el cas de tenir targeta identificativa de cotxe adaptat, pujar amb el nostre propi vehicle. Sigui quina sigui l&#8217;opci\u00f3 que triem, la carretera que porta al Planell \u00e9s la L-500 direcci\u00f3 Caldes de Bo\u00ed; a dos quil\u00f2metres abans d&#8217;arribar trobarem un trencall a la dreta que indica cap a La Palanca de la Molina. Passarem per davant dels Apartaments La Peguera, i arribarem a una caseta d&#8217;informaci\u00f3 on podrem recollir l&#8217;autoritzaci\u00f3 per poder continuar i aparcar. Compte a la carretera que no \u00e9s gaire ample ja que nosaltres conduirem embadalits pel paisatge i ens creuarem els taxis que pugen i baixen a bastanta velocitat.<\/p>\n<p><img loading=\"lazy\" decoding=\"async\" class=\"alignleft wp-image-17813 size-full\" src=\"http:\/\/www.turismefacil.org\/wp-content\/myUploads\/wpcf7_uploads\/27096376771_227f70c037_c.jpg\" alt=\"\" width=\"800\" height=\"533\" srcset=\"https:\/\/www.turismefacil.org\/wp-content\/myUploads\/wpcf7_uploads\/27096376771_227f70c037_c.jpg 800w, https:\/\/www.turismefacil.org\/wp-content\/myUploads\/wpcf7_uploads\/27096376771_227f70c037_c-300x200.jpg 300w, https:\/\/www.turismefacil.org\/wp-content\/myUploads\/wpcf7_uploads\/27096376771_227f70c037_c-150x100.jpg 150w, https:\/\/www.turismefacil.org\/wp-content\/myUploads\/wpcf7_uploads\/27096376771_227f70c037_c-768x512.jpg 768w\" sizes=\"auto, (max-width: 800px) 100vw, 800px\" \/><\/p>\n<p>Un cop ben aparcat el cotxe, preparem-nos per fer un itinerari de natura impressionant, un parell de quil\u00f2metres on no pararem de fer fotografies ja que cada rac\u00f3 mereix una aturada. <b><\/b><\/p>\n<p><b><br \/>\n<\/b><b>Abans de donar-vos m\u00e9s informaci\u00f3, explicar-vos que des del setembre de 2016 hi ha lavabo adaptat al costat de la zona d&#8217;aparcament. Us ho podem confirmar, hem visitat la zona aquest passat any 2018 i hem comprovat que si, que hi ha lavabo accessible. I explicar-vos que\u00a0 aquesta segona vegada que hem vingut ens hem allotjat a <a href=\"https:\/\/www.laut.cat\/?lang=ca\">l&#8217;Hotel l&#8217;A\u00fct<\/a>,\u00a0 a Erill La Vall, hotel accessible per a cadires de rodes i amb ascensor.<br \/>\n<\/b><\/p>\n<p>Nosaltres vam rec\u00f3rrer primer el cam\u00ed compactat tot recte per veure si pod\u00edem arribar fins els Plans d&#8217;Aig\u00fcadassi.<\/p>\n<p><img loading=\"lazy\" decoding=\"async\" class=\"alignleft wp-image-17807 size-full\" src=\"http:\/\/www.turismefacil.org\/wp-content\/myUploads\/wpcf7_uploads\/planell-daigestortes-parc-nacional-daigestortes-i-sant-maurici_26539334964_o.jpg\" alt=\"\" width=\"1600\" height=\"1065\" srcset=\"https:\/\/www.turismefacil.org\/wp-content\/myUploads\/wpcf7_uploads\/planell-daigestortes-parc-nacional-daigestortes-i-sant-maurici_26539334964_o.jpg 1600w, https:\/\/www.turismefacil.org\/wp-content\/myUploads\/wpcf7_uploads\/planell-daigestortes-parc-nacional-daigestortes-i-sant-maurici_26539334964_o-300x200.jpg 300w, https:\/\/www.turismefacil.org\/wp-content\/myUploads\/wpcf7_uploads\/planell-daigestortes-parc-nacional-daigestortes-i-sant-maurici_26539334964_o-1024x682.jpg 1024w, https:\/\/www.turismefacil.org\/wp-content\/myUploads\/wpcf7_uploads\/planell-daigestortes-parc-nacional-daigestortes-i-sant-maurici_26539334964_o-150x100.jpg 150w, https:\/\/www.turismefacil.org\/wp-content\/myUploads\/wpcf7_uploads\/planell-daigestortes-parc-nacional-daigestortes-i-sant-maurici_26539334964_o-768x511.jpg 768w, https:\/\/www.turismefacil.org\/wp-content\/myUploads\/wpcf7_uploads\/planell-daigestortes-parc-nacional-daigestortes-i-sant-maurici_26539334964_o-1536x1022.jpg 1536w\" sizes=\"auto, (max-width: 1600px) 100vw, 1600px\" \/><\/p>\n<p><img loading=\"lazy\" decoding=\"async\" class=\"alignleft wp-image-17829 size-full\" src=\"http:\/\/www.turismefacil.org\/wp-content\/myUploads\/wpcf7_uploads\/petit-rierol.jpg\" alt=\"\" width=\"800\" height=\"533\" srcset=\"https:\/\/www.turismefacil.org\/wp-content\/myUploads\/wpcf7_uploads\/petit-rierol.jpg 800w, https:\/\/www.turismefacil.org\/wp-content\/myUploads\/wpcf7_uploads\/petit-rierol-300x200.jpg 300w, https:\/\/www.turismefacil.org\/wp-content\/myUploads\/wpcf7_uploads\/petit-rierol-150x100.jpg 150w, https:\/\/www.turismefacil.org\/wp-content\/myUploads\/wpcf7_uploads\/petit-rierol-768x512.jpg 768w\" sizes=\"auto, (max-width: 800px) 100vw, 800px\" \/><\/p>\n<p>Un petit rierol ens va impedir continuar fins el ja que el tronc que feia de pont era impracticable per cadires de rodes. Estaria b\u00e9 que es pogu\u00e9s salvar amb una petita passera de fusta amb rampeta a banda i banda. V\u00e0rem preguntar a la Casa del Parc de Bo\u00ed i molt amablement es v\u00e0ren explicar que per encara que hagu\u00e8ssim pogut passar el rierol, m\u00e9s amunt trobariem el terra compactat m\u00e9s o menys en funci\u00f3 de l&#8217;\u00e8poca i podriem tenir dificultats, i que les passeres de fusta d&#8217;Aig\u00fcadassi no s\u00f3n amples com les del Planell i no trobarem les mateixes facilitats.<\/p>\n<p>Mitja volta i cap a buscar la passera (llarga i molt accessible) que ens permetr\u00e0 veure amb comoditat els voltants del riu Sant Nicolau sempre present. \u00c9s estupenda, queda una mica enlairada del s\u00f2l i fins i tot te espais per apartar-se per si et trobes una altra cadira (o un cotxet) de cara. El paisatge \u00e9s extraordinari i la calma total, nom\u00e9s trencada per la remor del riu i el cant dels ocells.<\/p>\n<p><img loading=\"lazy\" decoding=\"async\" class=\"alignleft wp-image-17828 size-full\" src=\"http:\/\/www.turismefacil.org\/wp-content\/myUploads\/wpcf7_uploads\/passera_riu_sant_nicolau.jpg\" alt=\"\" width=\"800\" height=\"533\" srcset=\"https:\/\/www.turismefacil.org\/wp-content\/myUploads\/wpcf7_uploads\/passera_riu_sant_nicolau.jpg 800w, https:\/\/www.turismefacil.org\/wp-content\/myUploads\/wpcf7_uploads\/passera_riu_sant_nicolau-300x200.jpg 300w, https:\/\/www.turismefacil.org\/wp-content\/myUploads\/wpcf7_uploads\/passera_riu_sant_nicolau-150x100.jpg 150w, https:\/\/www.turismefacil.org\/wp-content\/myUploads\/wpcf7_uploads\/passera_riu_sant_nicolau-768x512.jpg 768w\" sizes=\"auto, (max-width: 800px) 100vw, 800px\" \/> <img loading=\"lazy\" decoding=\"async\" class=\"alignleft wp-image-17831 size-full\" src=\"http:\/\/www.turismefacil.org\/wp-content\/myUploads\/wpcf7_uploads\/planell_gran_riu_sant_nicolau.jpg\" alt=\"\" width=\"800\" height=\"533\" srcset=\"https:\/\/www.turismefacil.org\/wp-content\/myUploads\/wpcf7_uploads\/planell_gran_riu_sant_nicolau.jpg 800w, https:\/\/www.turismefacil.org\/wp-content\/myUploads\/wpcf7_uploads\/planell_gran_riu_sant_nicolau-300x200.jpg 300w, https:\/\/www.turismefacil.org\/wp-content\/myUploads\/wpcf7_uploads\/planell_gran_riu_sant_nicolau-150x100.jpg 150w, https:\/\/www.turismefacil.org\/wp-content\/myUploads\/wpcf7_uploads\/planell_gran_riu_sant_nicolau-768x512.jpg 768w\" sizes=\"auto, (max-width: 800px) 100vw, 800px\" \/> <img loading=\"lazy\" decoding=\"async\" class=\"alignleft wp-image-17832 size-full\" src=\"http:\/\/www.turismefacil.org\/wp-content\/myUploads\/wpcf7_uploads\/planell_gran_riu_sant_nicolau_1.jpg\" alt=\"\" width=\"800\" height=\"533\" srcset=\"https:\/\/www.turismefacil.org\/wp-content\/myUploads\/wpcf7_uploads\/planell_gran_riu_sant_nicolau_1.jpg 800w, https:\/\/www.turismefacil.org\/wp-content\/myUploads\/wpcf7_uploads\/planell_gran_riu_sant_nicolau_1-300x200.jpg 300w, https:\/\/www.turismefacil.org\/wp-content\/myUploads\/wpcf7_uploads\/planell_gran_riu_sant_nicolau_1-150x100.jpg 150w, https:\/\/www.turismefacil.org\/wp-content\/myUploads\/wpcf7_uploads\/planell_gran_riu_sant_nicolau_1-768x512.jpg 768w\" sizes=\"auto, (max-width: 800px) 100vw, 800px\" \/><\/p>\n<p>Abans de deixar definitivament aquestes precioses vistes del Planell, podem fer una ullada des del Mirador de l&#8217;Esperit (molt a prop d&#8217;on hem aparcat) on veurem l&#8217;Estany de Llebreta i el cam\u00ed que hem pujat amb el cotxe, aix\u00ed com un r\u00e8tol indicador de les muntanyes que envolten el Parc. Tamb\u00e9 han constru\u00eft una passera apta per cadires de rodes, uns 100 metres que podrem fer amb total comoditat.<\/p>\n<p><img loading=\"lazy\" decoding=\"async\" class=\"alignleft wp-image-17826 size-full\" src=\"http:\/\/www.turismefacil.org\/wp-content\/myUploads\/wpcf7_uploads\/passera_mirador_sant_esperit.jpg\" alt=\"\" width=\"800\" height=\"556\" srcset=\"https:\/\/www.turismefacil.org\/wp-content\/myUploads\/wpcf7_uploads\/passera_mirador_sant_esperit.jpg 800w, https:\/\/www.turismefacil.org\/wp-content\/myUploads\/wpcf7_uploads\/passera_mirador_sant_esperit-300x209.jpg 300w, https:\/\/www.turismefacil.org\/wp-content\/myUploads\/wpcf7_uploads\/passera_mirador_sant_esperit-150x104.jpg 150w, https:\/\/www.turismefacil.org\/wp-content\/myUploads\/wpcf7_uploads\/passera_mirador_sant_esperit-768x534.jpg 768w\" sizes=\"auto, (max-width: 800px) 100vw, 800px\" \/><\/p>\n<p><img loading=\"lazy\" decoding=\"async\" class=\"alignleft wp-image-17834 size-full\" src=\"http:\/\/www.turismefacil.org\/wp-content\/myUploads\/wpcf7_uploads\/vistes_passera_mirador_sant_esperit.jpg\" alt=\"\" width=\"800\" height=\"533\" srcset=\"https:\/\/www.turismefacil.org\/wp-content\/myUploads\/wpcf7_uploads\/vistes_passera_mirador_sant_esperit.jpg 800w, https:\/\/www.turismefacil.org\/wp-content\/myUploads\/wpcf7_uploads\/vistes_passera_mirador_sant_esperit-300x200.jpg 300w, https:\/\/www.turismefacil.org\/wp-content\/myUploads\/wpcf7_uploads\/vistes_passera_mirador_sant_esperit-150x100.jpg 150w, https:\/\/www.turismefacil.org\/wp-content\/myUploads\/wpcf7_uploads\/vistes_passera_mirador_sant_esperit-768x512.jpg 768w\" sizes=\"auto, (max-width: 800px) 100vw, 800px\" \/><\/p>\n<p>I fins aqu\u00ed l&#8217;excursi\u00f3. Per pair les emocions de poder passejar per l&#8217;alta muntanya sense entrebancs, ens anem a descansar. Ens esperen encara dos dies d&#8217;activitat cultural i paisatg\u00edstica.<\/p>\n<p>Una altra visita ha estat la del Centre d&#8217;Interpretaci\u00f3 del Rom\u00e0nic a Erill la Vall.\u00a0 D&#8217;entrada, l&#8217;acc\u00e9s \u00e9s complicat. El paviment fins arribar-hi \u00e9s de pedres i hi ha una rampa tipus p\u00e0rking bastant empinada. Ens van comentar que el cotxe es pot deixar a la porta, per\u00f2 a dalt on arribes, no hi ha cap indicaci\u00f3. Caldria posar un senyal i fins i tot es podria reservar una pla\u00e7a d&#8217;aparcament.<\/p>\n<p>Abans de visitar el centre, ens passaran un petit documental on podrem situar-nos en el temps i l&#8217;\u00e8poca.<\/p>\n<p><img loading=\"lazy\" decoding=\"async\" class=\"alignleft wp-image-17820 size-full\" src=\"http:\/\/www.turismefacil.org\/wp-content\/myUploads\/wpcf7_uploads\/centre_interpretacio_romanic_2.jpg\" alt=\"\" width=\"530\" height=\"800\" srcset=\"https:\/\/www.turismefacil.org\/wp-content\/myUploads\/wpcf7_uploads\/centre_interpretacio_romanic_2.jpg 530w, https:\/\/www.turismefacil.org\/wp-content\/myUploads\/wpcf7_uploads\/centre_interpretacio_romanic_2-199x300.jpg 199w, https:\/\/www.turismefacil.org\/wp-content\/myUploads\/wpcf7_uploads\/centre_interpretacio_romanic_2-99x150.jpg 99w\" sizes=\"auto, (max-width: 530px) 100vw, 530px\" \/><\/p>\n<p><img loading=\"lazy\" decoding=\"async\" class=\"alignleft wp-image-17820 size-full\" src=\"http:\/\/www.turismefacil.org\/wp-content\/myUploads\/wpcf7_uploads\/centre_interpretacio_romanic_2.jpg\" alt=\"\" width=\"530\" height=\"800\" srcset=\"https:\/\/www.turismefacil.org\/wp-content\/myUploads\/wpcf7_uploads\/centre_interpretacio_romanic_2.jpg 530w, https:\/\/www.turismefacil.org\/wp-content\/myUploads\/wpcf7_uploads\/centre_interpretacio_romanic_2-199x300.jpg 199w, https:\/\/www.turismefacil.org\/wp-content\/myUploads\/wpcf7_uploads\/centre_interpretacio_romanic_2-99x150.jpg 99w\" sizes=\"auto, (max-width: 530px) 100vw, 530px\" \/><\/p>\n<p>Us en resumim el contingut extret de les explicacions de la seva pr\u00f2pia p\u00e0gina:<\/p>\n<p><em>El conjunt rom\u00e0nic de la Vall de Bo\u00ed est\u00e0 format per les esgl\u00e9sies de Sant Climent i Santa Maria de Ta\u00fcll, Sant Joan de Bo\u00ed, Santa Eul\u00e0lia d\u2019Erill la Vall, Sant Feliu de Barruera, la Nativitat de Durro, Santa Maria de Cardet, l\u2019Assumpci\u00f3 de C\u00f3ll i l\u2019ermita de Sant Quirc de Durro.<\/em><\/p>\n<p><em>Una de les seves caracter\u00edstiques principals \u00e9s la unitat d\u2019estil arquitect\u00f2nic. S\u00f3n construccions dutes a terme durant els segles XI i XII seguint els models provinents del nord d\u2019It\u00e0lia, el rom\u00e0nic llombard, que es caracteritza per la funcionalitat de les seves construccions, l\u2019acurat treball de la pedra, els esvelts campanars de torre, i la decoraci\u00f3 exterior d\u2019arquets cecs i bandes llombardes.<\/em><\/p>\n<p>Les esgl\u00e9sies rom\u00e0niques de la Vall de Bo\u00ed s\u00f3n el reflex art\u00edstic d\u2019una societat estructurada entorn de les jerarquies eclesi\u00e0stiques i senyorials, personificades en aquest cas en els senyors d\u2019Erill i el bisbat de Roda d\u2019Is\u00e0bena, promotors dels temples de la Vall. Dintre d\u2019aquesta societat medieval, l\u2019esgl\u00e9sia complia, no nom\u00e9s una funci\u00f3 religiosa, sin\u00f3 que tamb\u00e9 tenia un important paper social, com a lloc de reuni\u00f3 i refugi del poble. En el cas de la Vall de Bo\u00ed, aquesta funci\u00f3 social dels temples s\u2019evidencia en la utilitzaci\u00f3 dels seus esvelts campanars de torre com a elements de comunicaci\u00f3 i vigil\u00e0ncia.<\/p>\n<p>Us deixem un enlla\u00e7 amb tota la <a title=\"Informaci\u00f3 general del Rom\u00e0nic a la Vall de Bo\u00ed\" href=\"http:\/\/www.centreromanic.com\/ca\/una-mica-dhist%C3%B2ria\" target=\"_blank\" rel=\"noopener noreferrer\">hist\u00f2ria <\/a>explicada pel Centre.<\/p>\n<p>El Centre \u00e9s interactiu especialment a la primera part. En una pantalla t\u00e0ctil podrem veure la simbologia del Rom\u00e0nic i podrem fer-nos una idea de com vivien al segle XI i sentirem parlar diferents actors com a personatges de l&#8217;\u00e8poca.<\/p>\n<p>Informaci\u00f3 adicional sobre el rom\u00e0nic: http:\/\/www.centreromanic.com\/ca\/patrimoni-mundial<\/p>\n<p>Un cop feta la visita al Centre d&#8217;Interpretaci\u00f3 del Rom\u00e0nic i vista l&#8217;ermita de Santa Eul\u00e0lia (amb rampa de pedres tot i que la porta \u00e9s plana).<\/p>\n<p><img loading=\"lazy\" decoding=\"async\" class=\"alignleft wp-image-17797 size-full\" src=\"http:\/\/www.turismefacil.org\/wp-content\/myUploads\/wpcf7_uploads\/ermita-de-santa-eullia-erill-la-vall-alta-ribagora_27235649272_o.jpg\" alt=\"\" width=\"1141\" height=\"1600\" srcset=\"https:\/\/www.turismefacil.org\/wp-content\/myUploads\/wpcf7_uploads\/ermita-de-santa-eullia-erill-la-vall-alta-ribagora_27235649272_o.jpg 1141w, https:\/\/www.turismefacil.org\/wp-content\/myUploads\/wpcf7_uploads\/ermita-de-santa-eullia-erill-la-vall-alta-ribagora_27235649272_o-214x300.jpg 214w, https:\/\/www.turismefacil.org\/wp-content\/myUploads\/wpcf7_uploads\/ermita-de-santa-eullia-erill-la-vall-alta-ribagora_27235649272_o-730x1024.jpg 730w, https:\/\/www.turismefacil.org\/wp-content\/myUploads\/wpcf7_uploads\/ermita-de-santa-eullia-erill-la-vall-alta-ribagora_27235649272_o-107x150.jpg 107w, https:\/\/www.turismefacil.org\/wp-content\/myUploads\/wpcf7_uploads\/ermita-de-santa-eullia-erill-la-vall-alta-ribagora_27235649272_o-768x1077.jpg 768w, https:\/\/www.turismefacil.org\/wp-content\/myUploads\/wpcf7_uploads\/ermita-de-santa-eullia-erill-la-vall-alta-ribagora_27235649272_o-1095x1536.jpg 1095w\" sizes=\"auto, (max-width: 1141px) 100vw, 1141px\" \/><\/p>\n<p>ens vam despla\u00e7ar a Barruera a veure l&#8217;ermita de Sant Feliu abans d&#8217;anar a dinar i que es pos\u00e9s a ploure. Aquesta ermita conserva l&#8217;absis rom\u00e0nic, tot i que la resta ja te ampliacions barroques. Per entrar tamb\u00e9 te un gra\u00f3 i no hi ha rampa.<\/p>\n<p><img loading=\"lazy\" decoding=\"async\" class=\"alignleft wp-image-17833 size-full\" src=\"http:\/\/www.turismefacil.org\/wp-content\/myUploads\/wpcf7_uploads\/sant_feliu_de_barruera.jpg\" alt=\"\" width=\"1600\" height=\"833\" srcset=\"https:\/\/www.turismefacil.org\/wp-content\/myUploads\/wpcf7_uploads\/sant_feliu_de_barruera.jpg 1600w, https:\/\/www.turismefacil.org\/wp-content\/myUploads\/wpcf7_uploads\/sant_feliu_de_barruera-300x156.jpg 300w, https:\/\/www.turismefacil.org\/wp-content\/myUploads\/wpcf7_uploads\/sant_feliu_de_barruera-1024x533.jpg 1024w, https:\/\/www.turismefacil.org\/wp-content\/myUploads\/wpcf7_uploads\/sant_feliu_de_barruera-150x78.jpg 150w, https:\/\/www.turismefacil.org\/wp-content\/myUploads\/wpcf7_uploads\/sant_feliu_de_barruera-768x400.jpg 768w, https:\/\/www.turismefacil.org\/wp-content\/myUploads\/wpcf7_uploads\/sant_feliu_de_barruera-1536x800.jpg 1536w\" sizes=\"auto, (max-width: 1600px) 100vw, 1600px\" \/><\/p>\n<p><img loading=\"lazy\" decoding=\"async\" class=\"alignleft wp-image-17824 size-full\" src=\"http:\/\/www.turismefacil.org\/wp-content\/myUploads\/wpcf7_uploads\/interior_sant_feliu_de_barruera.jpg\" alt=\"\" width=\"1065\" height=\"1600\" srcset=\"https:\/\/www.turismefacil.org\/wp-content\/myUploads\/wpcf7_uploads\/interior_sant_feliu_de_barruera.jpg 1065w, https:\/\/www.turismefacil.org\/wp-content\/myUploads\/wpcf7_uploads\/interior_sant_feliu_de_barruera-200x300.jpg 200w, https:\/\/www.turismefacil.org\/wp-content\/myUploads\/wpcf7_uploads\/interior_sant_feliu_de_barruera-682x1024.jpg 682w, https:\/\/www.turismefacil.org\/wp-content\/myUploads\/wpcf7_uploads\/interior_sant_feliu_de_barruera-100x150.jpg 100w, https:\/\/www.turismefacil.org\/wp-content\/myUploads\/wpcf7_uploads\/interior_sant_feliu_de_barruera-768x1154.jpg 768w, https:\/\/www.turismefacil.org\/wp-content\/myUploads\/wpcf7_uploads\/interior_sant_feliu_de_barruera-1022x1536.jpg 1022w\" sizes=\"auto, (max-width: 1065px) 100vw, 1065px\" \/><\/p>\n<p><img loading=\"lazy\" decoding=\"async\" class=\"alignleft wp-image-17823 size-full\" src=\"http:\/\/www.turismefacil.org\/wp-content\/myUploads\/wpcf7_uploads\/ermita_sta_eulalia_erill_1.jpg\" alt=\"\" width=\"599\" height=\"900\" srcset=\"https:\/\/www.turismefacil.org\/wp-content\/myUploads\/wpcf7_uploads\/ermita_sta_eulalia_erill_1.jpg 599w, https:\/\/www.turismefacil.org\/wp-content\/myUploads\/wpcf7_uploads\/ermita_sta_eulalia_erill_1-200x300.jpg 200w, https:\/\/www.turismefacil.org\/wp-content\/myUploads\/wpcf7_uploads\/ermita_sta_eulalia_erill_1-100x150.jpg 100w\" sizes=\"auto, (max-width: 599px) 100vw, 599px\" \/><\/p>\n<p>Vam dinar a la <a title=\"Casa Milagros\" href=\"http:\/\/www.ribagorcarural.com\/component\/k2\/item\/5-casa_milagros.html\" target=\"_blank\" rel=\"noopener noreferrer\">Casa Milagros<\/a>, d&#8217;entrada plana per\u00f2 sense wc adaptat.<\/p>\n<p>Tamb\u00e9 val la pena rec\u00f3rrer el cam\u00ed que hi ha al costat del riu Noguera de Tort, a Barruera. Baixar-hi \u00e9s una mica dificult\u00f3s perqu\u00e8 les dues rampes que hi accedeixen s\u00f3n de paviment bastant irregular. El cam\u00ed \u00e9s en part asfaltat i en part de terra compactada, totalment accessible i deu tenir gaireb\u00e9 un quil\u00f2metre.<\/p>\n<p><strong>Quart dia<\/strong><br \/>\nEl dijous vam pujar a les pistes de Bo\u00ed-Ta\u00fcll, que encara tenien una mica de neu. Les vistes s\u00f3n molt xules per\u00f2 hi feia molt de vent.<\/p>\n<p><img loading=\"lazy\" decoding=\"async\" class=\"alignleft wp-image-17835 size-full\" src=\"http:\/\/www.turismefacil.org\/wp-content\/myUploads\/wpcf7_uploads\/vistes_pistes_boi_taull.jpg\" alt=\"\" width=\"1600\" height=\"1065\" srcset=\"https:\/\/www.turismefacil.org\/wp-content\/myUploads\/wpcf7_uploads\/vistes_pistes_boi_taull.jpg 1600w, https:\/\/www.turismefacil.org\/wp-content\/myUploads\/wpcf7_uploads\/vistes_pistes_boi_taull-300x200.jpg 300w, https:\/\/www.turismefacil.org\/wp-content\/myUploads\/wpcf7_uploads\/vistes_pistes_boi_taull-1024x682.jpg 1024w, https:\/\/www.turismefacil.org\/wp-content\/myUploads\/wpcf7_uploads\/vistes_pistes_boi_taull-150x100.jpg 150w, https:\/\/www.turismefacil.org\/wp-content\/myUploads\/wpcf7_uploads\/vistes_pistes_boi_taull-768x511.jpg 768w, https:\/\/www.turismefacil.org\/wp-content\/myUploads\/wpcf7_uploads\/vistes_pistes_boi_taull-1536x1022.jpg 1536w\" sizes=\"auto, (max-width: 1600px) 100vw, 1600px\" \/><\/p>\n<p>De baixada ja cap a casa ens ho vam prendre amb calma, primer gaudint de la zona de t\u00fanels del Pant\u00e0 d&#8217;Escales i parant al poble de Monta\u00f1ana, gaireb\u00e9 abandonat i que est\u00e0 en proc\u00e9s de recuperaci\u00f3 (totalment impracticable per a cadires de rodes).<\/p>\n<p><img loading=\"lazy\" decoding=\"async\" class=\"alignleft wp-image-17825 size-full\" src=\"http:\/\/www.turismefacil.org\/wp-content\/myUploads\/wpcf7_uploads\/montanana.jpg\" alt=\"\" width=\"1065\" height=\"1600\" srcset=\"https:\/\/www.turismefacil.org\/wp-content\/myUploads\/wpcf7_uploads\/montanana.jpg 1065w, https:\/\/www.turismefacil.org\/wp-content\/myUploads\/wpcf7_uploads\/montanana-200x300.jpg 200w, https:\/\/www.turismefacil.org\/wp-content\/myUploads\/wpcf7_uploads\/montanana-682x1024.jpg 682w, https:\/\/www.turismefacil.org\/wp-content\/myUploads\/wpcf7_uploads\/montanana-100x150.jpg 100w, https:\/\/www.turismefacil.org\/wp-content\/myUploads\/wpcf7_uploads\/montanana-768x1154.jpg 768w, https:\/\/www.turismefacil.org\/wp-content\/myUploads\/wpcf7_uploads\/montanana-1022x1536.jpg 1022w\" sizes=\"auto, (max-width: 1065px) 100vw, 1065px\" \/><\/p>\n<p>Vam dinar a Benabarre, al <a title=\"Hostal Restaurant Mars\" href=\"http:\/\/www.marsbenabarre.es\/\" target=\"_blank\" rel=\"noopener noreferrer\">restaurant Hostal Mars<\/a> (amb entrada plana per\u00f2 sense wc adaptat). Carrer Vicente Pini\u00e9s, 22.<\/p>\n<p><strong>Informaci\u00f3 i p\u00e0gines web d&#8217;inter\u00e8s<\/strong><br \/>\n<strong>Equipaments, punts d&#8217;informaci\u00f3 general i per a persones amb mobilitat redu\u00efda.<\/strong><br \/>\nTel\u00e8fon d&#8217;emerg\u00e8ncies: 112. En alguns llocs del Parc ni aquest tel\u00e8fon funciona. Els refugis de muntanya est\u00e0n equipats amb connexi\u00f3 directe amb els bombers.<\/p>\n<p><a title=\"Equipaments i punt d'informaci\u00f3 general i per persones amb mobilitat redu\u00efda\" href=\"http:\/\/parcsnaturals.gencat.cat\/ca\/aiguestortes\/visiteu-nos\/equipaments-itineraris\/equipaments\/\" target=\"_blank\" rel=\"noopener noreferrer\">http:\/\/parcsnaturals.gencat.cat\/ca\/aiguestortes\/visiteu-nos\/equipaments-itineraris\/equipaments\/<\/a><\/p>\n<p><strong>Tel\u00e8fons i adreces d&#8217;inter\u00e8s<\/strong><br \/>\nOficina de Turisme de la Vall de Bo\u00ed. Barruera. <a title=\"Oficina de Turisme de la Vall de Bo\u00ed. Barruera\" href=\"http:\/\/www.vallboi.cat\/ca\" target=\"_blank\" rel=\"noopener noreferrer\">http:\/\/www.vallboi.cat\/ca<\/a><\/p>\n<p>Casa del Parc Nacional de Bo\u00ed &#8211; Ca de Simamet. C\/de les Graieres n\u00ba 2. 25228 Bo\u00ed &#8211; (Alta Ribagor\u00e7a) Telf. 973 69 61 89 &#8211; Fax: 973 69 61 54<\/p>\n<p>Centre d&#8217;Informaci\u00f3 de Senet &#8211; La Serradora. C\/ del Port n\u00ba 10. 25553 Senet (Alta Ribagor\u00e7a)<\/p>\n<p><strong>Normativa del Parc Nacional<\/strong><br \/>\n<a title=\"Normes i consells per seguretat personal\" href=\"http:\/\/parcsnaturals.gencat.cat\/ca\/aiguestortes\/visiteu-nos\/normes-consells\/\" target=\"_blank\" rel=\"noopener noreferrer\">http:\/\/parcsnaturals.gencat.cat\/ca\/aiguestortes\/visiteu-nos\/normes-consells\/<\/a><\/p>\n<p><a title=\"Normativa del Parc Nacional\" href=\"http:\/\/parcsnaturals.gencat.cat\/ca\/aiguestortes\/visiteu-nos\/\" target=\"_blank\" rel=\"noopener noreferrer\">http:\/\/parcsnaturals.gencat.cat\/ca\/aiguestortes\/visiteu-nos\/<\/a><\/p>\n<p><strong>Informaci\u00f3 oficial sobre ermites rom\u00e0niques<\/strong><br \/>\n<a title=\"Centre del Rom\u00e0nic\" href=\"http:\/\/www.centreromanic.com\/\" target=\"_blank\" rel=\"noopener noreferrer\">http:\/\/www.centreromanic.com\/<\/a><\/p>\n<p><a title=\"Fotografies antigues de les ermites rom\u00e0niques de la Vall de Bo\u00ed\" href=\"https:\/\/flic.kr\/s\/aHskztyEuQ\" target=\"_blank\" rel=\"noopener noreferrer\">Fotografies antigues de les ermites rom\u00e0niques de la Vall de Bo\u00ed<\/a><\/p>\n","protected":false},"excerpt":{"rendered":"<p>Aquesta vegada hem decidit visitar La Vall de Bo\u00ed amb les seves esgl\u00e9sies rom\u00e0niques &#8211; Patrimoni de la Humanitat &#8211; i el Parc Nacional d&#8217;Aig\u00fcestortes, una zona de natura preservada fant\u00e0stica. Sab\u00edem ja, per una visita anterior, que amb cadira de rodes \u00e9s relativament f\u00e0cil gaudir-ne sempre que es tingui cotxe per despla\u00e7ar-se. Hi hem [&hellip;]<\/p>\n","protected":false},"author":4,"featured_media":17745,"comment_status":"open","ping_status":"closed","sticky":false,"template":"","format":"standard","meta":{"footnotes":""},"categories":[123,4,65,115,5,298,100,306,3],"tags":[389,155,314,336,395,338,325,385,16,328,374,383,375,152,333,334,96,105,15,373],"class_list":["post-16557","post","type-post","status-publish","format-standard","has-post-thumbnail","hentry","category-art","category-fotografia","category-gastronomia","category-historia","category-meteorologia","category-mobilitat-reduida-2","category-natura","category-pintura","category-turisme","tag-accessibilitat","tag-accessible","tag-accessible-per-a-cadires-de-rodes","tag-accessible-per-a-persones-amb-mobilitat-reduida","tag-alta-muntanya","tag-alta-muntanya-sense-barreres","tag-alta-ribagorca","tag-art","tag-cadires-de-rodes","tag-ermites-romaniques","tag-fotografia","tag-historia","tag-meteorologia","tag-mobilitat-reduida","tag-planell-daiguestortes","tag-riu-sant-nicolau","tag-romanic","tag-sense-barreres-arquitectoniques","tag-turisme-sense-barreres","tag-turisme"],"_links":{"self":[{"href":"https:\/\/www.turismefacil.org\/index.php?rest_route=\/wp\/v2\/posts\/16557","targetHints":{"allow":["GET"]}}],"collection":[{"href":"https:\/\/www.turismefacil.org\/index.php?rest_route=\/wp\/v2\/posts"}],"about":[{"href":"https:\/\/www.turismefacil.org\/index.php?rest_route=\/wp\/v2\/types\/post"}],"author":[{"embeddable":true,"href":"https:\/\/www.turismefacil.org\/index.php?rest_route=\/wp\/v2\/users\/4"}],"replies":[{"embeddable":true,"href":"https:\/\/www.turismefacil.org\/index.php?rest_route=%2Fwp%2Fv2%2Fcomments&post=16557"}],"version-history":[{"count":197,"href":"https:\/\/www.turismefacil.org\/index.php?rest_route=\/wp\/v2\/posts\/16557\/revisions"}],"predecessor-version":[{"id":17840,"href":"https:\/\/www.turismefacil.org\/index.php?rest_route=\/wp\/v2\/posts\/16557\/revisions\/17840"}],"wp:featuredmedia":[{"embeddable":true,"href":"https:\/\/www.turismefacil.org\/index.php?rest_route=\/wp\/v2\/media\/17745"}],"wp:attachment":[{"href":"https:\/\/www.turismefacil.org\/index.php?rest_route=%2Fwp%2Fv2%2Fmedia&parent=16557"}],"wp:term":[{"taxonomy":"category","embeddable":true,"href":"https:\/\/www.turismefacil.org\/index.php?rest_route=%2Fwp%2Fv2%2Fcategories&post=16557"},{"taxonomy":"post_tag","embeddable":true,"href":"https:\/\/www.turismefacil.org\/index.php?rest_route=%2Fwp%2Fv2%2Ftags&post=16557"}],"curies":[{"name":"wp","href":"https:\/\/api.w.org\/{rel}","templated":true}]}}