{"id":17115,"date":"2017-07-04T15:10:34","date_gmt":"2017-07-04T14:10:34","guid":{"rendered":"http:\/\/www.turismefacil.org\/?p=17115"},"modified":"2022-05-23T11:26:11","modified_gmt":"2022-05-23T10:26:11","slug":"modernisme-historia-i-romanic-a-terrassa","status":"publish","type":"post","link":"https:\/\/www.turismefacil.org\/?p=17115","title":{"rendered":"Modernisme, Hist\u00f2ria i Rom\u00e0nic a Terrassa."},"content":{"rendered":"\n<p>Aquesta vegada hem tornat a Terrassa per gaudir hist\u00f2ricament d&#8217;una part de la ciutat. Edificis benestants i de decoraci\u00f3 modernista,<\/p>\n\n\n\n<figure class=\"wp-block-table\"><table><tbody><tr><td>\n<p align=\"left\">com la Casa Alegre de Sagrera &#8211; <strong>avui convertida en museu<\/strong> -, el Castell Cartoixa de Vallparad\u00eds on podrem introduir-nos en la Terrassa antiga i que <strong>acull la hist\u00f2ria local integrada per peces arqueol\u00f2giques, hist\u00f2riques i art\u00edstiques provinents de la ciutat<\/strong> i acabarem a la Seu d&#8217;\u00c8gara <strong>on veurem el magn\u00edfic conjunt monumental de les ermites rom\u00e0niques de Santa Maria, Sant Pere i Sant Miquel, molt ben conservades i on s&#8217;ha fet un treball excepcional de recuperaci\u00f3 i adaptaci\u00f3 accessible per a les cadires de rodes.<\/strong><\/p>\n<p>Encara que pod\u00edem haver arribat a Terrassa en cotxe, aquesta vegada els Ferrocarrils de la Generalitat han estat una alternativa c\u00f2moda i neta, tot aprofitant que la l\u00ednia S1 s&#8217;ha allargat m\u00e9s enll\u00e0 de l&#8217;estaci\u00f3 de Terrassa Rambla i la parada de <a title=\"Mapa Vallparad\u00eds Universitat. Terrassa. FGC\" href=\"https:\/\/goo.gl\/maps\/sqWKJ84iqmG2\" target=\"_blank\" rel=\"noopener noreferrer\">Vallparad\u00eds Universitat<\/a> ha estat la triada. A m\u00e9s a m\u00e9s, en ser nova, els ascensors i accessos s\u00f3n m\u00e9s r\u00e0pids i c\u00f2modes que en la del centre. L&#8217;ascensor de l&#8217;estaci\u00f3 ens deixa a l&#8217;Avinguda Jacquard que despr\u00e9s agafarem cap a l&#8217;esquerra (per orientar-nos correctament, davant de nosaltres veurem La Cartoixa de Vallparad\u00eds) i en 10 minuts, sense deixar-la, &#8211; quan s&#8217;acaba comen\u00e7a el carrer Font Vella &#8211; estarem davant de la <a title=\"Casa Alegre de Sagrera. Mapa\" href=\"https:\/\/goo.gl\/maps\/yaqzzQCLyTE2\" target=\"_blank\" rel=\"noopener noreferrer\">Casa Alegre de Sagrera<\/a>, al n\u00ba 29.<\/p>\n<p>Per entrar trobarem un petit gra\u00f3 d&#8217;un parell de cent\u00edmetres, a nosaltres no ens va donar cap dificultat perqu\u00e8 port\u00e0vem una tercera roda el\u00e8ctrica, per\u00f2 per a les cadires manuals, depenent del nivell de domini que en tingui l&#8217;usuari, potser necessiti ajuda. Si no podem o no ens veiem amb cor de pujar, tenen unes rampes de fusta de posar i treure, nom\u00e9s cal demanar-ho per tel\u00e8fon o email abans d&#8217;anar-hi (per\u00f2 vaja, ja us diem nosaltres que \u00e9s f\u00e0cil). Un cop dins nom\u00e9s podrem visitar la planta baixa, m\u00e9s que suficient per fer-nos una idea de l&#8217;edifici, ja que \u00e9s on es troba el m\u00e9s significatiu, bonic i sense barreres: les sales, els despatxos, els lavabos (oberts al p\u00fablic per\u00f2 no adaptats), el jard\u00ed&#8230;<\/p>\n<p>Nom\u00e9s s\u00f3n originals de la casa els mobles de la sala de visites, la resta no, tot i que s&#8217;ha decorat amb d&#8217;altres peces de l&#8217;\u00e8poca aproximadament.<\/p>\n<\/td><\/tr><\/tbody><\/table><\/figure>\n\n\n\n<div class=\"wp-block-image\"><figure class=\"aligncenter\"><img decoding=\"async\" src=\"https:\/\/drscdn.500px.org\/photo\/219970717\/m%3D900\/v2?sig=0100c8da214139c4251a3dbde39b4a4ef1784a45277c05f770f302ede3e86372\" alt=\"Casa Alegre de Sagrera. Terrassa\"\/><figcaption>Casa Alegre de Sagrera. Terrassa<\/figcaption><\/figure><\/div>\n\n\n\n<p>Si ens referim a dades hist\u00f2riques, la fam\u00edlia Sagrera, de proced\u00e8ncia pagesa, va emigrar a Terrassa a finals del segle XVIII. Amb els anys es va convertir en un dels llinatges m\u00e9s benestants de la vila de Terrassa. A finals del segle XIX Mercedes de Sagrera, hereva de la nissaga, es va casar amb l&#8217;industrial t\u00e8xtil vinculat a l&#8217;oligarquia local, Francisco Alegre i Roig. Va aportar al matrimoni la casa, for\u00e7a malmesa, del carrer de la Font Vella. D&#8217;aquesta manera s&#8217;unien dues fam\u00edlies de la burgesia local, una posse\u00efdora d&#8217;un cognom i tradici\u00f3 il\u00b7lustre per\u00f2 sense una gran fortuna, i l&#8217;altra, amb un important nom en l&#8217;economia i pol\u00edtica locals i amb una considerable fortuna.<\/p>\n\n\n\n<figure class=\"wp-block-image\"><img decoding=\"async\" src=\"https:\/\/drscdn.500px.org\/photo\/219970707\/m%3D900\/v2?user_id=734548&amp;sig=b990abf288c95081c0419c9969dccf951d72f3e4ec71dbd704ffe977be708ace\" alt=\"Casa Alegre de Sagrera\"\/><\/figure>\n\n\n\n<figure class=\"wp-block-image alignnone\"><img decoding=\"async\" src=\"https:\/\/drscdn.500px.org\/photo\/219970705\/m%3D900\/v2?user_id=734548&amp;sig=2f21f25b683ae28e8d2ee14e32426305cb95fa4553853208a0b3b1fb6f07cc45\" alt=\"Casa Alegre de Sagrera. Vista dels lavabos\"\/><figcaption>Casa Alegre de Sagrera. Vista dels lavabos<\/figcaption><\/figure>\n\n\n\n<p>Fitxa de l&#8217;edifici i dades de contacte &#8211; de la p\u00e0gina del Museu de Terrassa<br><a title=\"Fitxa de la Casa Alegre de Sagrera\" href=\"http:\/\/www.terrassa.cat\/casa-alegre-sagrera\" target=\"_blank\" rel=\"noopener noreferrer\">http:\/\/www.terrassa.cat\/casa-alegre-sagrera<br><\/a><a title=\"Casa Alegre de Sagrera - Museu de Terrassa\" href=\"https:\/\/aoberta.terrassa.cat\/oficines\/infoEntitat.jsp?id=0814\" target=\"_blank\" rel=\"noopener noreferrer\"> https:\/\/aoberta.terrassa.cat\/oficines\/infoEntitat.jsp?id=0814<\/a><\/p>\n\n\n\n<figure class=\"wp-block-table\"><table><tbody><tr><td>Despr\u00e9s de visitar la Casa Alegre de Sagrera, enfilem el carrer de la Font Vella de tornada als FFCC. Un cop arribats a l&#8217;estaci\u00f3 canviem de vorera. A pocs metres veurem l&#8217;edificaci\u00f3 del Castell de Vallparad\u00eds (l&#8217;entrada la tenim per la banda superior del carrer, ja veurem el passeig que ens hi porta). Hist\u00f2ricament, la primera not\u00edcia de la construcci\u00f3 d&#8217;una fortificaci\u00f3 prop del torrent de Vallparad\u00eds data de principi del segle XII. Berenguer Sanl\u00e0 i la seva esposa Ermessenda van adquirir al Comte de Barcelona, Ramon Berenguer III, la propietat on van construir la seva resid\u00e8ncia senyorial. Avui en dia nom\u00e9s es conserva l&#8217;estructura de l&#8217;edifici de per s\u00ed prou interessant. Un cop vist el pati,<\/td><\/tr><tr><td>\n<figure><img decoding=\"async\" src=\"https:\/\/drscdn.500px.org\/photo\/219970739\/m%3D900\/v2?user_id=734548&amp;sig=cb9760daacc18aef7dd22169a8ba2cda0013a098c0f7001375e32e51946f6a19\" alt=\"Pati del Castell Cartoixa de VallParad\u00eds\" height=\"100%\"><\/figure><p><\/p>\n<\/td><\/tr><tr><td>ens adre\u00e7arem a les sales del castell que corresponen al Museu, on veurem el desenvolupament de la ciutat i comarques ve\u00efnes des del paleol\u00edtic fins gaireb\u00e9 l&#8217;actualitat. Les sales de la planta baixa estan connectades per rampes de vegades massa empinades (necessitarem una mica d&#8217;ajuda). No podrem accedir al pis superior perqu\u00e8 nom\u00e9s hi ha escales. Tampoc als lavabos que es troben al s\u00f2tan i tamb\u00e9 hi ha escales.<\/td><\/tr><tr><td>\n<figure><img decoding=\"async\" src=\"https:\/\/drscdn.500px.org\/photo\/219970741\/m%3D900\/v2?user_id=734548&amp;sig=6062ac5f158e062580afed5a3ddb75ce075b508cc16daedc9d7008450084c6dc\" alt=\"Interior del Castell Cartoixa de VallParad\u00eds\" width=\"100%\" height=\"100%\"><\/figure><p><\/p>\n<\/td><\/tr><tr><td><strong>Dades informatives adicionals<\/strong><br>Fitxa de l&#8217;edifici i dades de contacte &#8211; de la p\u00e0gina del Museu de Terrassa<br><a title=\"Fitxa del Castell Cartoixa de VallParad\u00eds\" href=\"http:\/\/www.terrassa.cat\/castell-cartoixa-vallparadis\" target=\"_blank\" rel=\"noopener noreferrer\">http:\/\/www.terrassa.cat\/castell-cartoixa-vallparadis<\/a><br><a title=\"Castell Cartoixa de VallParad\u00eds - Museu de Terrassa\" href=\"https:\/\/aoberta.terrassa.cat\/oficines\/infoEntitat.jsp?id=1381\" target=\"_blank\" rel=\"noopener noreferrer\"> https:\/\/aoberta.terrassa.cat\/oficines\/infoEntitat.jsp?id=1381<\/a><\/td><\/tr><\/tbody><\/table><\/figure>\n\n\n\n<figure class=\"wp-block-table\"><table><tbody><tr><td>Despr\u00e8s enfilarem cam\u00ed per veure l&#8217;excepcional Seu d&#8217;\u00c8gara (creuant el parc pel Pont penjat), espai monumental sense barreres i amb ascensor. Tamb\u00e9 hi podem anar amb cotxe perqu\u00e8 davant hi una una pla\u00e7a d&#8217;aparcament reservada (per\u00f2 si podeu us recomanem creuar el pont que tot i ser penjat \u00e9s molt segur, no es mou gens). Fins ara, el que hem vist \u00e9s un bocinet d&#8217;hist\u00f2ria comparat amb el que veurem dins d&#8217;aquest recinte. El Conjunt Monumental de La Seu d&#8217;\u00c8gara te els principis datats l&#8217;any 450. Hi destaca el Pati Central amb un Pou d&#8217;Aigua i la Zona de Cementiri, l&#8217;Esgl\u00e9sia de Santa Maria, de Sant Pere i de Sant Miquel tancant els extrems del Pati aix\u00ed com el Baptisteri.<\/td><\/tr><tr><td>\n<figure><img decoding=\"async\" src=\"https:\/\/drscdn.500px.org\/photo\/219970765\/m%3D900\/v2?user_id=734548&amp;sig=e6eb4ab9a6aece8b972bf6b011760e9f4eb9353848c48c219835decdc289c441\" alt=\"Conjunt Monumental La Seu d'\u00c8gara\" width=\"100%\" height=\"100%\"><\/figure><p><\/p>\n<\/td><td>\n<figure><img decoding=\"async\" src=\"https:\/\/drscdn.500px.org\/photo\/221614115\/m%3D900\/v2?user_id=734548&amp;webp=true&amp;sig=b30bdf0bf36385a4ce045e77ca69d6f1f8aef8ead33f2318a5e00cb370317b2c\" alt=\"Conjunt Monumental La Seu d'\u00c8gara\" width=\"96%\" height=\"96%\"><\/figure><p><\/p>\n<\/td><\/tr><tr><td>El Conjunt Monumental de Sant Pere, Santa Maria i Sant Miquel de Terrassa \u00e9s fant\u00e0stic. Recomanem passejar i observar-lo sense pressa, ja que gaudirem amb l&#8217;arquitectura i pintures murals, rom\u00e0nica, g\u00f2tica i la d&#8217;etapa m\u00e9s actual. Abans de comen\u00e7ar la visita cal obtenir les entrades (tamb\u00e9 hi ha la possibilitat de comprar l&#8217;abonament per a tots els edificis). Primer de tot ens portaran a veure un documental hist\u00f2ric i arquitect\u00f2nic sobre l&#8217;edifici i veurem a m\u00e9s a m\u00e9s com \u00e9s va construir el pont. Despr\u00e9s ja podrem comen\u00e7ar el recorregut.<br>Al 1998 es va fer una interessant restauraci\u00f3 i muse\u00eftzaci\u00f3. No trobareu cap barrera en tot el conjunt, fins i tot en una de les ermites us faran entrar per una porta lateral on s&#8217;ha habilitat una plataforma per salvar els tres o quatre graons que no s&#8217;han pogut eliminar.\n<p>&nbsp;<\/p>\n<p>&nbsp;<\/p>\n<\/td><\/tr><tr><td>\n<figure><img decoding=\"async\" src=\"https:\/\/drscdn.500px.org\/photo\/221614097\/m%3D900\/v2?user_id=734548&amp;webp=true&amp;sig=40950d4e49bdabeaaa170a87290a9449a7d7d244e7649b16480eb186bbc26c7d\" alt=\"Conjunt Monumental La Seu d'\u00c8gara\" width=\"100%\" height=\"100%\"><\/figure><p><\/p>\n<\/td><td>\n<figure><img decoding=\"async\" src=\"https:\/\/drscdn.500px.org\/photo\/221614103\/m%3D900\/v2?user_id=734548&amp;webp=true&amp;sig=ef55d22d4de0bdde4d04db0c69d8b66176cd0ba881ba4a9f1a54d92161ec4c25\" alt=\"Conjunt Monumental La Seu d'\u00c8gara\" width=\"100%\" height=\"100%\"><\/figure><p><\/p>\n<\/td><\/tr><tr><td>\n<\/td><\/tr><\/tbody><\/table><\/figure>\n\n\n\n<div class=\"wp-block-image size-medium\"><figure class=\"alignleft\"><img decoding=\"async\" src=\"https:\/\/drscdn.500px.org\/photo\/221614105\/m%3D900\/v2?sig=180790f0e3cd3cfeab18201099e000053da1f0c008f12f42c422806f319d179f\" alt=\"Conjunt Monumental de Sant Pere de Terrassa\"\/><figcaption>Conjunt Monumental de Sant Pere de Terrassa<\/figcaption><\/figure><\/div>\n\n\n\n<div class=\"wp-block-image size-medium\"><figure class=\"alignleft\"><img decoding=\"async\" src=\"https:\/\/drscdn.500px.org\/photo\/221614099\/m%3D900\/v2?sig=ca88d5f7b6adaa7621c3816795dae897af005fbe23f8ff7b2256397153bd63ad\" alt=\"Conjunt Monumental Sant Pere de Terrassa\"\/><figcaption>Conjunt Monumental Sant Pere de Terrassa<\/figcaption><\/figure><\/div>\n\n\n\n<figure class=\"wp-block-image\"><img decoding=\"async\" src=\"https:\/\/drscdn.500px.org\/photo\/221614111\/m%3D900\/v2?user_id=734548&amp;webp=true&amp;sig=3ecf7356ace50dbea65f4f635f38f6180680bd5e4786fb3136e4439156a328dd\" alt=\"Conjunt Monumental La Seu d'\u00c8gara\"\/><\/figure>\n\n\n\n<figure class=\"wp-block-image\"><img decoding=\"async\" src=\"https:\/\/drscdn.500px.org\/photo\/221614113\/m%3D900\/v2?user_id=734548&amp;webp=true&amp;sig=6f23fb5989d374e93921c7f76a2fbb6ebd68d414a2eb3833e900af5082f2cc31\" alt=\"Conjunt Monumental La Seu d'\u00c8gara\"\/><\/figure>\n\n\n\n<p><strong>Dades informatives adicionals<\/strong><br>Fitxa de l&#8217;edifici i dades de contacte &#8211; de la p\u00e0gina del Museu de Terrassa<br><a title=\"Fitxa de la Seu d'\u00c8gara\" href=\"http:\/\/www.terrassa.cat\/seu-egara\" target=\"_blank\" rel=\"noopener noreferrer\">http:\/\/www.terrassa.cat\/seu-egara<\/a><br><a title=\"La Seu d'\u00c8gara - Museu de Terrassa\" href=\"https:\/\/aoberta.terrassa.cat\/oficines\/infoEntitat.jsp?id=1074\" target=\"_blank\" rel=\"noopener noreferrer\"> https:\/\/aoberta.terrassa.cat\/oficines\/infoEntitat.jsp?id=1074<\/a>\n\n\nUn cop visitat tot el conjunt monumental i si teniu gana, molt a prop hi ha el <a title=\"Restaurant La Cuina d'En Brichs\" href=\"http:\/\/www.lacuinadenbrichs.com\" target=\"_blank\" rel=\"noopener noreferrer\">Restaurant La Cuina d&#8217;en Brichs<\/a>, d&#8217;acc\u00e9s f\u00e0cil on podreu dinar a la terrassa o a l&#8217;interior. L&#8217;\u00fanic que no t\u00e9 \u00e9s lavabo adaptat (les cadires de rodes no passen per la porta, per\u00f2 accedir a l&#8217;interior del lavabo \u00e9s prou senzill sempre que camineu una mica). Tamb\u00e9 recordeu que teniu opci\u00f3 d&#8217;anar als lavabos adaptats del Conjunt Monumental. El restaurant est\u00e0 especialitzat en arrossos, per\u00f2 tamb\u00e9 teniu tapes com croquetes, calamars&#8230; fan cuina de mercat, catalana i andalusa, deixeu-vos recomanar. Bona relaci\u00f3 qualitat-preu i bon tracte.\n<\/p>\n\n\n\n<p><\/p>\n","protected":false},"excerpt":{"rendered":"<p>Aquesta vegada hem tornat a Terrassa per gaudir hist\u00f2ricament d&#8217;una part de la ciutat. Edificis benestants i de decoraci\u00f3 modernista, com la Casa Alegre de Sagrera &#8211; avui convertida en museu -, el Castell Cartoixa de Vallparad\u00eds on podrem introduir-nos en la Terrassa antiga i que acull la hist\u00f2ria local integrada per peces arqueol\u00f2giques, hist\u00f2riques [&hellip;]<\/p>\n","protected":false},"author":4,"featured_media":17741,"comment_status":"open","ping_status":"open","sticky":false,"template":"","format":"standard","meta":{"footnotes":""},"categories":[4,115,366,8],"tags":[369,370,368,372,374,383,83,367,309,371],"class_list":["post-17115","post","type-post","status-publish","format-standard","has-post-thumbnail","hentry","category-fotografia","category-historia","category-modernisme-2","category-turisme-rutes-dun-dia","tag-casa-alegre-de-sagrera","tag-castell-de-vallparadis","tag-conjunt-monumental-sant-pere-de-terrassa","tag-ferrocarrils-de-la-generalitat-de-catalunya","tag-fotografia","tag-historia","tag-modernisme","tag-museu-dhistoria-de-terrassa","tag-terrassa","tag-vallparadis-universitat"],"_links":{"self":[{"href":"https:\/\/www.turismefacil.org\/index.php?rest_route=\/wp\/v2\/posts\/17115","targetHints":{"allow":["GET"]}}],"collection":[{"href":"https:\/\/www.turismefacil.org\/index.php?rest_route=\/wp\/v2\/posts"}],"about":[{"href":"https:\/\/www.turismefacil.org\/index.php?rest_route=\/wp\/v2\/types\/post"}],"author":[{"embeddable":true,"href":"https:\/\/www.turismefacil.org\/index.php?rest_route=\/wp\/v2\/users\/4"}],"replies":[{"embeddable":true,"href":"https:\/\/www.turismefacil.org\/index.php?rest_route=%2Fwp%2Fv2%2Fcomments&post=17115"}],"version-history":[{"count":201,"href":"https:\/\/www.turismefacil.org\/index.php?rest_route=\/wp\/v2\/posts\/17115\/revisions"}],"predecessor-version":[{"id":17977,"href":"https:\/\/www.turismefacil.org\/index.php?rest_route=\/wp\/v2\/posts\/17115\/revisions\/17977"}],"wp:featuredmedia":[{"embeddable":true,"href":"https:\/\/www.turismefacil.org\/index.php?rest_route=\/wp\/v2\/media\/17741"}],"wp:attachment":[{"href":"https:\/\/www.turismefacil.org\/index.php?rest_route=%2Fwp%2Fv2%2Fmedia&parent=17115"}],"wp:term":[{"taxonomy":"category","embeddable":true,"href":"https:\/\/www.turismefacil.org\/index.php?rest_route=%2Fwp%2Fv2%2Fcategories&post=17115"},{"taxonomy":"post_tag","embeddable":true,"href":"https:\/\/www.turismefacil.org\/index.php?rest_route=%2Fwp%2Fv2%2Ftags&post=17115"}],"curies":[{"name":"wp","href":"https:\/\/api.w.org\/{rel}","templated":true}]}}