{"id":17477,"date":"2019-05-02T12:48:59","date_gmt":"2019-05-02T11:48:59","guid":{"rendered":"http:\/\/www.turismefacil.org\/?p=17477"},"modified":"2022-05-23T11:26:02","modified_gmt":"2022-05-23T10:26:02","slug":"viatges-al-passat-astronomia-i-tradicions","status":"publish","type":"post","link":"https:\/\/www.turismefacil.org\/?p=17477","title":{"rendered":"Viatges al passat: Astronomia i Tradicions"},"content":{"rendered":"\n<p>Dificultat de la ruta: bastant f\u00e0cil, excepte un parell de botigues hist\u00f2riques, i una escaleta de l&#8217;observatori astron\u00f2mic. <\/p>\n\n\n\n<p>La comarca de La Noguera \u00e9s (amb el perm\u00eds de l&#8217;Alt Empord\u00e0 i de <a rel=\"noreferrer noopener\" aria-label=\"l'observatori astron\u00f2mic a Albany\u00e0 (opens in a new tab)\" href=\"https:\/\/www.observatorialbanya.com\/?fbclid=IwAR2pmhK3c_0Y2yvD-dVpELVK-uzf8CSud4EdxyKOC-T8QvoAkVFo_-dr5nU\" target=\"_blank\">l&#8217;observatori astron\u00f2mic d&#8217; Albany\u00e0<\/a> que properament anirem a visitar), un dels millors llocs de Catalunya per fer observacions d&#8217;astronomia.  El seu recorregut did\u00e0ctic, a m\u00e9s a m\u00e9s de la protecci\u00f3 lum\u00ednica especial dels seus cels, ha estat el que ens ha fet decidir a visitar aquesta zona, encara que hem estat tamb\u00e9 a la comarca del Pallars Juss\u00e0 visitant el poble de Sal\u00e0s de Pallars. Anem a pams.<br><\/p>\n\n\n\n<p>Mapa<\/p>\n<iframe src=\"https:\/\/www.google.com\/maps\/embed?pb=!1m18!1m12!1m3!1d28112.621299693925!2d0.7332270459690561!3d42.00832686822477!2m3!1f0!2f0!3f0!3m2!1i1024!2i768!4f13.1!3m3!1m2!1s0x12a650d74acdecdb%3A0x9e150cbaa2bae359!2s25692%20Agull%C3%B3%2C%20Lleida!5e0!3m2!1sca!2ses!4v1629014304006!5m2!1sca!2ses\" width=\"600\" height=\"450\" style=\"border:0;\" allowfullscreen=\"\" loading=\"lazy\"><\/iframe>\n\n\n\n<p>Primer parlem de l&#8217;allotjament, molt necessari, ja que voltarem durant tres dies i es recomanable tenir un lloc on dormir i fer els \u00e0pats. Aquesta vegada hem triat un apartament rural, <a rel=\"noreferrer noopener\" aria-label=\"Casa Contorna (opens in a new tab)\" href=\"http:\/\/contorna.com\/\" target=\"_blank\">Casa Contorna<\/a>, al poble d&#8217;Agull\u00f3. Sense ser un espai 100% adaptat, est\u00e0 a la planta baixa i aix\u00f2 facilita molt l&#8217;acc\u00e9s. Les persones amb poca mobilitat per\u00f2 no usu\u00e0ries de cadires de rodes no tindran gaire problema i es pot aparcar a la porta. Nom\u00e9s com a detall d&#8217;observaci\u00f3 seria bo fer-lo encara m\u00e9s accessible per als que s\u00ed que facin servir cadira tot modificant la cambra de bany, canviant la banyera per un plat de dutxa pla (disposa aquesta cambra de suficient espai per fer el canvi), treient el peu del lavabo i baixant el mirall. Ah, i ja de pas treient el bidet, una pe\u00e7a que crec que ja no es fa servir. <\/p>\n\n\n\n<p>Un cop allotjats, ja podem comen\u00e7ar a voltar. Nosaltres vam arribar un divendres, des de Barcelona son dues hores i mitja o tres de viatge depenent del tr\u00e0nsit que trobem. La part m\u00e9s feixuga \u00e9s quan passes per pobles on la velocitat queda restringida a 50 km per hora i bastants sem\u00e0fors. Les 18 h va ser la nostre hora d&#8217;arribada, temps suficient per descarregar i fer un passeig pels voltants, molt recomanable, ja que el paisatge a la posta de sol es preci\u00f3s, tenint en compte la combinaci\u00f3 del verd i els rojos del cel. Accedir de l&#8217;apartament a la carretera on vam passejar davant de la serra del Montsec \u00e9s un xic &#8220;dificult\u00f3s&#8221; ja que cal baixar (i despr\u00e9s pujar) per un tros prou empinat; les persones en cadira de rodes necessitaran ajuda. Es pot baixar en cotxe, encara que perd el seu encant agafar un vehicle motoritzat.<\/p>\n\n\n\n<figure class=\"wp-block-image size-large\"><img loading=\"lazy\" decoding=\"async\" width=\"1024\" height=\"682\" src=\"http:\/\/www.turismefacil.org\/wp-content\/myUploads\/wpcf7_uploads\/paisatges_agullo_ager__abril_2019_13-1024x682.jpg\" alt=\"Vista del poble d'Agull\u00f3\" class=\"wp-image-17968\" srcset=\"https:\/\/www.turismefacil.org\/wp-content\/myUploads\/wpcf7_uploads\/paisatges_agullo_ager__abril_2019_13-1024x682.jpg 1024w, https:\/\/www.turismefacil.org\/wp-content\/myUploads\/wpcf7_uploads\/paisatges_agullo_ager__abril_2019_13-300x200.jpg 300w, https:\/\/www.turismefacil.org\/wp-content\/myUploads\/wpcf7_uploads\/paisatges_agullo_ager__abril_2019_13-150x100.jpg 150w, https:\/\/www.turismefacil.org\/wp-content\/myUploads\/wpcf7_uploads\/paisatges_agullo_ager__abril_2019_13-768x512.jpg 768w, https:\/\/www.turismefacil.org\/wp-content\/myUploads\/wpcf7_uploads\/paisatges_agullo_ager__abril_2019_13.jpg 1280w\" sizes=\"auto, (max-width: 1024px) 100vw, 1024px\" \/><figcaption>Vista del poble d&#8217;Agull\u00f3<\/figcaption><\/figure>\n\n\n\n<p>La carretera \u00e9s tranquil.la, t\u00e9 poc tr\u00e0nsit, per\u00f2 no podem badar ja que \u00e9s compartida amb cotxes, no fos cas que tinguem un ensurt.<\/p>\n\n\n\n<figure class=\"wp-block-image size-large\"><img loading=\"lazy\" decoding=\"async\" width=\"1024\" height=\"682\" src=\"http:\/\/www.turismefacil.org\/wp-content\/myUploads\/wpcf7_uploads\/silvia_paisatges_agullo_ager__abril_2019_6-1024x682.jpg\" alt=\"Voltants d'Agull\u00f3\" class=\"wp-image-17971\" srcset=\"https:\/\/www.turismefacil.org\/wp-content\/myUploads\/wpcf7_uploads\/silvia_paisatges_agullo_ager__abril_2019_6-1024x682.jpg 1024w, https:\/\/www.turismefacil.org\/wp-content\/myUploads\/wpcf7_uploads\/silvia_paisatges_agullo_ager__abril_2019_6-300x200.jpg 300w, https:\/\/www.turismefacil.org\/wp-content\/myUploads\/wpcf7_uploads\/silvia_paisatges_agullo_ager__abril_2019_6-150x100.jpg 150w, https:\/\/www.turismefacil.org\/wp-content\/myUploads\/wpcf7_uploads\/silvia_paisatges_agullo_ager__abril_2019_6-768x512.jpg 768w, https:\/\/www.turismefacil.org\/wp-content\/myUploads\/wpcf7_uploads\/silvia_paisatges_agullo_ager__abril_2019_6.jpg 1280w\" sizes=\"auto, (max-width: 1024px) 100vw, 1024px\" \/><figcaption>Passejant pels voltants d&#8217;Agull\u00f3<\/figcaption><\/figure>\n\n\n\n<p>Passejant hem fet unes quantes fotografies de la serra del Montsec,<\/p>\n\n\n\n<figure class=\"wp-block-image size-large\"><img loading=\"lazy\" decoding=\"async\" width=\"1024\" height=\"682\" src=\"http:\/\/www.turismefacil.org\/wp-content\/myUploads\/wpcf7_uploads\/paisatges_agullo_ager__abril_2019_10-1024x682.jpg\" alt=\"Serra del Montsec\" class=\"wp-image-17969\" srcset=\"https:\/\/www.turismefacil.org\/wp-content\/myUploads\/wpcf7_uploads\/paisatges_agullo_ager__abril_2019_10-1024x682.jpg 1024w, https:\/\/www.turismefacil.org\/wp-content\/myUploads\/wpcf7_uploads\/paisatges_agullo_ager__abril_2019_10-300x200.jpg 300w, https:\/\/www.turismefacil.org\/wp-content\/myUploads\/wpcf7_uploads\/paisatges_agullo_ager__abril_2019_10-150x100.jpg 150w, https:\/\/www.turismefacil.org\/wp-content\/myUploads\/wpcf7_uploads\/paisatges_agullo_ager__abril_2019_10-768x512.jpg 768w, https:\/\/www.turismefacil.org\/wp-content\/myUploads\/wpcf7_uploads\/paisatges_agullo_ager__abril_2019_10.jpg 1280w\" sizes=\"auto, (max-width: 1024px) 100vw, 1024px\" \/><figcaption>Serra del Montsec<\/figcaption><\/figure>\n\n\n\n<figure class=\"wp-block-image size-large\"><img loading=\"lazy\" decoding=\"async\" width=\"1024\" height=\"682\" src=\"http:\/\/www.turismefacil.org\/wp-content\/myUploads\/wpcf7_uploads\/paisatges_agullo_ager__abril_2019_12-1024x682.jpg\" alt=\"Serra del Montsec\" class=\"wp-image-17970\" srcset=\"https:\/\/www.turismefacil.org\/wp-content\/myUploads\/wpcf7_uploads\/paisatges_agullo_ager__abril_2019_12-1024x682.jpg 1024w, https:\/\/www.turismefacil.org\/wp-content\/myUploads\/wpcf7_uploads\/paisatges_agullo_ager__abril_2019_12-300x200.jpg 300w, https:\/\/www.turismefacil.org\/wp-content\/myUploads\/wpcf7_uploads\/paisatges_agullo_ager__abril_2019_12-150x100.jpg 150w, https:\/\/www.turismefacil.org\/wp-content\/myUploads\/wpcf7_uploads\/paisatges_agullo_ager__abril_2019_12-768x512.jpg 768w, https:\/\/www.turismefacil.org\/wp-content\/myUploads\/wpcf7_uploads\/paisatges_agullo_ager__abril_2019_12.jpg 1280w\" sizes=\"auto, (max-width: 1024px) 100vw, 1024px\" \/><figcaption>Serra del Montsec<\/figcaption><\/figure>\n\n\n\n<p>A veure si veieu l&#8217;ermita de pedra (busqueu-la, \u00e9s fascinant) i cap a l&#8217;apartament a sopar i descansar que al dia seg\u00fcent ens esperava carretera amunt i avall.<br><\/p>\n\n\n\n<p>El dissabte vam enfilar la carretera fins el poble de Sal\u00e0s de Pallars per veure <a rel=\"noreferrer noopener\" aria-label=\"Les Botigues Historiques (opens in a new tab)\" href=\"http:\/\/botiguesmuseusalas.cat\/\" target=\"_blank\">Les Botigues Historiques<\/a>, uns espais muse\u00eftzats gr\u00e0cies a una iniciativa privada i amb el suport de l&#8217;Ajuntament. Cal saber que no es reserven hores per visites i que tenen un l\u00edmit de persones i es tracta de grups organitzats;  si quan arribem no hi ha un grup sencer ens haurem d&#8217;esperar, per\u00f2 tranquils, que no us quedareu sense lloc. Nom\u00e9s es fan reserves per a grups d&#8217;unes 20 persones m\u00e9s o menys. Consulteu <a rel=\"noreferrer noopener\" aria-label=\"horaris (opens in a new tab)\" href=\"http:\/\/botiguesmuseusalas.cat\/visita\/horaris-2\/\" target=\"_blank\">horaris<\/a> i <a rel=\"noreferrer noopener\" aria-label=\"preus (opens in a new tab)\" href=\"http:\/\/botiguesmuseusalas.cat\/visita\/preus\/\" target=\"_blank\">preus<\/a> (les persones amb discapacitat tenen un preu especial i qui vagi en cadira de rodes no ha de pagar &#8211; el motiu \u00e9s que dues botigues s\u00f3n impracticables,  la merceria i la barberia, per\u00f2 com son petites, es poden veure molt b\u00e9 des de fora-). Amb ajuda podreu entrar a 7 botigues, val molt la pena. A nosaltres ens va tocar una guia molt eixerida que explicava els espais i les viv\u00e8ncies de manera did\u00e0ctica. S\u00f3n una del\u00edcia d&#8217;espai muse\u00eftzat. Us deixo les fotos que parlen per si soles, i ho comproveu.<\/p>\n\n\n\n<figure class=\"wp-block-gallery columns-3 is-cropped wp-block-gallery-1 is-layout-flex wp-block-gallery-is-layout-flex\"><ul class=\"blocks-gallery-grid\"><li class=\"blocks-gallery-item\"><figure><img loading=\"lazy\" decoding=\"async\" width=\"682\" height=\"1024\" src=\"http:\/\/www.turismefacil.org\/wp-content\/myUploads\/wpcf7_uploads\/barberia_visita_botigues_sal\u00e0s_de_pallars_abril_2019_1-682x1024.jpg\" alt=\"\" data-id=\"17531\" data-link=\"http:\/\/www.turismefacil.org\/?attachment_id=17531\" class=\"wp-image-17531\" srcset=\"https:\/\/www.turismefacil.org\/wp-content\/myUploads\/wpcf7_uploads\/barberia_visita_botigues_sal\u00e0s_de_pallars_abril_2019_1-682x1024.jpg 682w, https:\/\/www.turismefacil.org\/wp-content\/myUploads\/wpcf7_uploads\/barberia_visita_botigues_sal\u00e0s_de_pallars_abril_2019_1-100x150.jpg 100w, https:\/\/www.turismefacil.org\/wp-content\/myUploads\/wpcf7_uploads\/barberia_visita_botigues_sal\u00e0s_de_pallars_abril_2019_1-200x300.jpg 200w, https:\/\/www.turismefacil.org\/wp-content\/myUploads\/wpcf7_uploads\/barberia_visita_botigues_sal\u00e0s_de_pallars_abril_2019_1-768x1152.jpg 768w, https:\/\/www.turismefacil.org\/wp-content\/myUploads\/wpcf7_uploads\/barberia_visita_botigues_sal\u00e0s_de_pallars_abril_2019_1.jpg 853w\" sizes=\"auto, (max-width: 682px) 100vw, 682px\" \/><\/figure><\/li><li class=\"blocks-gallery-item\"><figure><img loading=\"lazy\" decoding=\"async\" width=\"1024\" height=\"702\" src=\"http:\/\/www.turismefacil.org\/wp-content\/myUploads\/wpcf7_uploads\/farmacia_visita_botigues_sal\u00e0s_de_pallars_abril_2019_6-1024x702.jpg\" alt=\"\" data-id=\"17532\" data-link=\"http:\/\/www.turismefacil.org\/?attachment_id=17532\" class=\"wp-image-17532\" srcset=\"https:\/\/www.turismefacil.org\/wp-content\/myUploads\/wpcf7_uploads\/farmacia_visita_botigues_sal\u00e0s_de_pallars_abril_2019_6-1024x702.jpg 1024w, https:\/\/www.turismefacil.org\/wp-content\/myUploads\/wpcf7_uploads\/farmacia_visita_botigues_sal\u00e0s_de_pallars_abril_2019_6-150x103.jpg 150w, https:\/\/www.turismefacil.org\/wp-content\/myUploads\/wpcf7_uploads\/farmacia_visita_botigues_sal\u00e0s_de_pallars_abril_2019_6-300x206.jpg 300w, https:\/\/www.turismefacil.org\/wp-content\/myUploads\/wpcf7_uploads\/farmacia_visita_botigues_sal\u00e0s_de_pallars_abril_2019_6-768x526.jpg 768w, https:\/\/www.turismefacil.org\/wp-content\/myUploads\/wpcf7_uploads\/farmacia_visita_botigues_sal\u00e0s_de_pallars_abril_2019_6-130x90.jpg 130w, https:\/\/www.turismefacil.org\/wp-content\/myUploads\/wpcf7_uploads\/farmacia_visita_botigues_sal\u00e0s_de_pallars_abril_2019_6.jpg 1280w\" sizes=\"auto, (max-width: 1024px) 100vw, 1024px\" \/><\/figure><\/li><li class=\"blocks-gallery-item\"><figure><img loading=\"lazy\" decoding=\"async\" width=\"650\" height=\"1024\" src=\"http:\/\/www.turismefacil.org\/wp-content\/myUploads\/wpcf7_uploads\/estanc_visita_botigues_sal\u00e0s_de_pallars_abril_2019_9-650x1024.jpg\" alt=\"\" data-id=\"17533\" data-link=\"http:\/\/www.turismefacil.org\/?attachment_id=17533\" class=\"wp-image-17533\" srcset=\"https:\/\/www.turismefacil.org\/wp-content\/myUploads\/wpcf7_uploads\/estanc_visita_botigues_sal\u00e0s_de_pallars_abril_2019_9-650x1024.jpg 650w, https:\/\/www.turismefacil.org\/wp-content\/myUploads\/wpcf7_uploads\/estanc_visita_botigues_sal\u00e0s_de_pallars_abril_2019_9-95x150.jpg 95w, https:\/\/www.turismefacil.org\/wp-content\/myUploads\/wpcf7_uploads\/estanc_visita_botigues_sal\u00e0s_de_pallars_abril_2019_9-190x300.jpg 190w, https:\/\/www.turismefacil.org\/wp-content\/myUploads\/wpcf7_uploads\/estanc_visita_botigues_sal\u00e0s_de_pallars_abril_2019_9-768x1211.jpg 768w, https:\/\/www.turismefacil.org\/wp-content\/myUploads\/wpcf7_uploads\/estanc_visita_botigues_sal\u00e0s_de_pallars_abril_2019_9.jpg 812w\" sizes=\"auto, (max-width: 650px) 100vw, 650px\" \/><\/figure><\/li><li class=\"blocks-gallery-item\"><figure><img loading=\"lazy\" decoding=\"async\" width=\"1024\" height=\"682\" src=\"http:\/\/www.turismefacil.org\/wp-content\/myUploads\/wpcf7_uploads\/ultramarins_visita_botigues_sal\u00e0s_de_pallars_abril_2019_1-1024x682.jpg\" alt=\"\" data-id=\"17534\" data-link=\"http:\/\/www.turismefacil.org\/?attachment_id=17534\" class=\"wp-image-17534\" srcset=\"https:\/\/www.turismefacil.org\/wp-content\/myUploads\/wpcf7_uploads\/ultramarins_visita_botigues_sal\u00e0s_de_pallars_abril_2019_1-1024x682.jpg 1024w, https:\/\/www.turismefacil.org\/wp-content\/myUploads\/wpcf7_uploads\/ultramarins_visita_botigues_sal\u00e0s_de_pallars_abril_2019_1-150x100.jpg 150w, https:\/\/www.turismefacil.org\/wp-content\/myUploads\/wpcf7_uploads\/ultramarins_visita_botigues_sal\u00e0s_de_pallars_abril_2019_1-300x200.jpg 300w, https:\/\/www.turismefacil.org\/wp-content\/myUploads\/wpcf7_uploads\/ultramarins_visita_botigues_sal\u00e0s_de_pallars_abril_2019_1-768x512.jpg 768w, https:\/\/www.turismefacil.org\/wp-content\/myUploads\/wpcf7_uploads\/ultramarins_visita_botigues_sal\u00e0s_de_pallars_abril_2019_1.jpg 1280w\" sizes=\"auto, (max-width: 1024px) 100vw, 1024px\" \/><\/figure><\/li><li class=\"blocks-gallery-item\"><figure><img loading=\"lazy\" decoding=\"async\" width=\"1024\" height=\"682\" src=\"http:\/\/www.turismefacil.org\/wp-content\/myUploads\/wpcf7_uploads\/recepcio_visita_botigues_sal\u00e0s_de_pallars_abril_2019_2-1-1024x682.jpg\" alt=\"\" data-id=\"17535\" data-link=\"http:\/\/www.turismefacil.org\/?attachment_id=17535\" class=\"wp-image-17535\" srcset=\"https:\/\/www.turismefacil.org\/wp-content\/myUploads\/wpcf7_uploads\/recepcio_visita_botigues_sal\u00e0s_de_pallars_abril_2019_2-1-1024x682.jpg 1024w, https:\/\/www.turismefacil.org\/wp-content\/myUploads\/wpcf7_uploads\/recepcio_visita_botigues_sal\u00e0s_de_pallars_abril_2019_2-1-150x100.jpg 150w, https:\/\/www.turismefacil.org\/wp-content\/myUploads\/wpcf7_uploads\/recepcio_visita_botigues_sal\u00e0s_de_pallars_abril_2019_2-1-300x200.jpg 300w, https:\/\/www.turismefacil.org\/wp-content\/myUploads\/wpcf7_uploads\/recepcio_visita_botigues_sal\u00e0s_de_pallars_abril_2019_2-1-768x512.jpg 768w, https:\/\/www.turismefacil.org\/wp-content\/myUploads\/wpcf7_uploads\/recepcio_visita_botigues_sal\u00e0s_de_pallars_abril_2019_2-1.jpg 1280w\" sizes=\"auto, (max-width: 1024px) 100vw, 1024px\" \/><\/figure><\/li><li class=\"blocks-gallery-item\"><figure><img loading=\"lazy\" decoding=\"async\" width=\"682\" height=\"1024\" src=\"http:\/\/www.turismefacil.org\/wp-content\/myUploads\/wpcf7_uploads\/merceria_visita_botigues_sal\u00e0s_de_pallars_abril_2019_1-682x1024.jpg\" alt=\"\" data-id=\"17536\" data-link=\"http:\/\/www.turismefacil.org\/?attachment_id=17536\" class=\"wp-image-17536\" srcset=\"https:\/\/www.turismefacil.org\/wp-content\/myUploads\/wpcf7_uploads\/merceria_visita_botigues_sal\u00e0s_de_pallars_abril_2019_1-682x1024.jpg 682w, https:\/\/www.turismefacil.org\/wp-content\/myUploads\/wpcf7_uploads\/merceria_visita_botigues_sal\u00e0s_de_pallars_abril_2019_1-100x150.jpg 100w, https:\/\/www.turismefacil.org\/wp-content\/myUploads\/wpcf7_uploads\/merceria_visita_botigues_sal\u00e0s_de_pallars_abril_2019_1-200x300.jpg 200w, https:\/\/www.turismefacil.org\/wp-content\/myUploads\/wpcf7_uploads\/merceria_visita_botigues_sal\u00e0s_de_pallars_abril_2019_1-768x1152.jpg 768w, https:\/\/www.turismefacil.org\/wp-content\/myUploads\/wpcf7_uploads\/merceria_visita_botigues_sal\u00e0s_de_pallars_abril_2019_1.jpg 853w\" sizes=\"auto, (max-width: 682px) 100vw, 682px\" \/><\/figure><\/li><\/ul><\/figure>\n\n\n\n<p><br>Un cop acabada la visita d&#8217;unes dues hores aproximadament, vam anar a dinar a l&#8217;apartament  per m\u00e9s comoditat ja que a la nit hav\u00edem d&#8217;anar al <a rel=\"noreferrer noopener\" aria-label=\"Parc Astron\u00f2mic del Montsec (opens in a new tab)\" href=\"https:\/\/www.parcastronomic.cat\/\" target=\"_blank\">Parc Astron\u00f2mic del Montsec<\/a>,  i com la visita acaba entre la una i les dues de la matinada, vam aprofitar per fer una migdiada. <\/p>\n\n\n\n<p>No tenim fotografies de les instal.lacions de l&#8217;observatori astron\u00f2mic, ja que a l&#8217;exterior (ja hem explicat que tenen cura de no tenir contaminaci\u00f3 lum\u00ednica) no hi ha cap llum blanca, nom\u00e9s n&#8217;hi ha a l&#8217;aparcament del recinte i s\u00f3n llums vermelles. Perqu\u00e8 us feu una idea es pot arribar a veure el resplendor de la ciutat de Barcelona -aix\u00f2 no ens permetr\u00e0 veure els estels i constel.lacions mes a la vora de l&#8217;horitz\u00f3, detall que no es culpa del centre, si no de les configuracions espec\u00edfiques de les grans ciutats-. Us deixem unes fotografies que hem enlla\u00e7at des del propi observatori astron\u00f2mic.<\/p>\n\n\n\n<figure class=\"wp-block-image size-large\"><img decoding=\"async\" src=\"https:\/\/static.wixstatic.com\/media\/98160b_b42881c3f1054b8998bee003b2278487.jpg\/v1\/fill\/w_1000,h_302,al_c,q_90\/98160b_b42881c3f1054b8998bee003b2278487.webp\" alt=\"\"\/><figcaption><strong>Vista General de l&#8217;Ull de l&#8217;Univers<\/strong><\/figcaption><\/figure>\n\n\n\n<figure class=\"wp-block-image size-large\"><img decoding=\"async\" src=\"https:\/\/static.wixstatic.com\/media\/98160b_078d427a255d4d8a8c950a3e1da1bac0.jpg\/v1\/fill\/w_1200,h_456,al_c,q_90\/98160b_078d427a255d4d8a8c950a3e1da1bac0.webp\" alt=\"\"\/><figcaption><strong>Vista Nocturna de l&#8217;Ull de L&#8217;Univers<\/strong><\/figcaption><\/figure>\n\n\n\n<p>El centre est\u00e0 totalment adaptat per a persones amb mobilitat redu\u00efda (hi ha places d&#8217;aparcament reservades i ben senyalitzades molt a la vora de la porta d&#8217;entrada), lavabos accessibles, elevadors per accedir a la planta inferior on hi han panells informatius te\u00f2rics i pr\u00e0ctics sobre l&#8217;Univers (dist\u00e0ncies entre planetes, la seva mida comparativa, quina probabilitat hi ha de trobar-hi vida inteligent (ja veureu que \u00e9s molt remota)&#8230;<\/p>\n\n\n\n<p>Tamb\u00e9 hi ha una petita botiga on podreu comprar objectes relacionats amb l&#8217;espai. Jo vaig comprar un parell de contes i una pilota amb el dibuix de l&#8217;Univers per a la meva neboda petita de 8 anys.<br><br>La visita est\u00e0 dividida en dues parts. La nostra va coincidir amb un grup organitzat i ens hi van encabir. Primer hi ha una introducci\u00f3 a l&#8217;observaci\u00f3 astron\u00f2mica computeritzada &#8211; nosaltres vam veure la lluna i un objecte que est\u00e0 fora del nostre sistema solar-.Tamb\u00e9 ens fan una explicaci\u00f3 pr\u00e8via de tipus de telescopis, maneres d&#8217;observar l&#8217;univers&#8230; Un cop acabada, ens anem a veure un documental apte per a tots els p\u00fablics; els nens petits s&#8217;entretindran amb les imatges i els m\u00e9s grans gaudiran de les explicacions te\u00f2riques de com es va formar l&#8217;univers . \u00c9s for\u00e7a espectacular ja que \u00e9s en 3 dimensions i amb les ulleres &#8220;entres&#8221; dins. Us pot marejar una mica per\u00f2 no us amo\u00efneu, tanqueu els ulls durant una estona i llestos. I quan acaba el documental, tindreu una sorpresa, que no desvetllem. <\/p>\n\n\n\n<p>Al dia seg\u00fcent pel mat\u00ed i abans de tornar cap a casa, v\u00e0rem passejar pels voltants de l&#8217;embassament de Terradets entre \u00c0ger i Sal\u00e0s de Pallars.  La nostre refer\u00e8ncia del punt de sortida del recorregut \u00e9s l&#8217;Hotel Terradets (de fet la seva terrassa amb una preciosa piscina dona directament a sobre de l&#8217;embassament). Podem parar una estona a esmorzar o a prendre un refresc ja que el bar de l&#8217;hotel \u00e9s obert a tothom. I un cop recuperats ja podem comen\u00e7ar que hi ha un caminet accessible on gaudireu molt acompanyats de l&#8217;aigua i on podreu fer fotografies paisatg\u00edstiques de record.<br><br><\/p>\n\n\n\n<figure class=\"wp-block-gallery columns-3 is-cropped wp-block-gallery-2 is-layout-flex wp-block-gallery-is-layout-flex\"><ul class=\"blocks-gallery-grid\"><li class=\"blocks-gallery-item\"><figure><img loading=\"lazy\" decoding=\"async\" width=\"682\" height=\"1024\" src=\"http:\/\/www.turismefacil.org\/wp-content\/myUploads\/wpcf7_uploads\/paisatges_cam\u00ed_embassament_terradets_abril_2019_11-682x1024.jpg\" alt=\"\" data-id=\"17525\" data-link=\"http:\/\/www.turismefacil.org\/?attachment_id=17525\" class=\"wp-image-17525\" srcset=\"https:\/\/www.turismefacil.org\/wp-content\/myUploads\/wpcf7_uploads\/paisatges_cam\u00ed_embassament_terradets_abril_2019_11-682x1024.jpg 682w, https:\/\/www.turismefacil.org\/wp-content\/myUploads\/wpcf7_uploads\/paisatges_cam\u00ed_embassament_terradets_abril_2019_11-100x150.jpg 100w, https:\/\/www.turismefacil.org\/wp-content\/myUploads\/wpcf7_uploads\/paisatges_cam\u00ed_embassament_terradets_abril_2019_11-200x300.jpg 200w, https:\/\/www.turismefacil.org\/wp-content\/myUploads\/wpcf7_uploads\/paisatges_cam\u00ed_embassament_terradets_abril_2019_11-768x1152.jpg 768w, https:\/\/www.turismefacil.org\/wp-content\/myUploads\/wpcf7_uploads\/paisatges_cam\u00ed_embassament_terradets_abril_2019_11.jpg 853w\" sizes=\"auto, (max-width: 682px) 100vw, 682px\" \/><figcaption class=\"blocks-gallery-item__caption\">Embassament de Terradets<\/figcaption><\/figure><\/li><li class=\"blocks-gallery-item\"><figure><img loading=\"lazy\" decoding=\"async\" width=\"1024\" height=\"682\" src=\"http:\/\/www.turismefacil.org\/wp-content\/myUploads\/wpcf7_uploads\/paisatges_cam\u00ed_embassament_terradets_abril_2019_4-1024x682.jpg\" alt=\"\" data-id=\"17527\" data-link=\"http:\/\/www.turismefacil.org\/?attachment_id=17527\" class=\"wp-image-17527\" srcset=\"https:\/\/www.turismefacil.org\/wp-content\/myUploads\/wpcf7_uploads\/paisatges_cam\u00ed_embassament_terradets_abril_2019_4-1024x682.jpg 1024w, https:\/\/www.turismefacil.org\/wp-content\/myUploads\/wpcf7_uploads\/paisatges_cam\u00ed_embassament_terradets_abril_2019_4-150x100.jpg 150w, https:\/\/www.turismefacil.org\/wp-content\/myUploads\/wpcf7_uploads\/paisatges_cam\u00ed_embassament_terradets_abril_2019_4-300x200.jpg 300w, https:\/\/www.turismefacil.org\/wp-content\/myUploads\/wpcf7_uploads\/paisatges_cam\u00ed_embassament_terradets_abril_2019_4-768x512.jpg 768w, https:\/\/www.turismefacil.org\/wp-content\/myUploads\/wpcf7_uploads\/paisatges_cam\u00ed_embassament_terradets_abril_2019_4.jpg 1280w\" sizes=\"auto, (max-width: 1024px) 100vw, 1024px\" \/><figcaption class=\"blocks-gallery-item__caption\">Embassament de Terradets<\/figcaption><\/figure><\/li><li class=\"blocks-gallery-item\"><figure><img loading=\"lazy\" decoding=\"async\" width=\"1024\" height=\"682\" src=\"http:\/\/www.turismefacil.org\/wp-content\/myUploads\/wpcf7_uploads\/paisatges_cam\u00ed_embassament_terradets_abril_2019_1-1-1024x682.jpg\" alt=\"\" data-id=\"17528\" data-link=\"http:\/\/www.turismefacil.org\/?attachment_id=17528\" class=\"wp-image-17528\" srcset=\"https:\/\/www.turismefacil.org\/wp-content\/myUploads\/wpcf7_uploads\/paisatges_cam\u00ed_embassament_terradets_abril_2019_1-1-1024x682.jpg 1024w, https:\/\/www.turismefacil.org\/wp-content\/myUploads\/wpcf7_uploads\/paisatges_cam\u00ed_embassament_terradets_abril_2019_1-1-150x100.jpg 150w, https:\/\/www.turismefacil.org\/wp-content\/myUploads\/wpcf7_uploads\/paisatges_cam\u00ed_embassament_terradets_abril_2019_1-1-300x200.jpg 300w, https:\/\/www.turismefacil.org\/wp-content\/myUploads\/wpcf7_uploads\/paisatges_cam\u00ed_embassament_terradets_abril_2019_1-1-768x512.jpg 768w, https:\/\/www.turismefacil.org\/wp-content\/myUploads\/wpcf7_uploads\/paisatges_cam\u00ed_embassament_terradets_abril_2019_1-1.jpg 1280w\" sizes=\"auto, (max-width: 1024px) 100vw, 1024px\" \/><figcaption class=\"blocks-gallery-item__caption\">Vista dels Pirineus nevats des de l&#8217;Embassament de Terradets<\/figcaption><\/figure><\/li><li class=\"blocks-gallery-item\"><figure><img loading=\"lazy\" decoding=\"async\" width=\"1024\" height=\"846\" src=\"http:\/\/www.turismefacil.org\/wp-content\/myUploads\/wpcf7_uploads\/combinat_paisatges_cam\u00ed_embassament_terradets_abril_2019_5_i_6-1024x846.jpg\" alt=\"\" data-id=\"17529\" data-link=\"http:\/\/www.turismefacil.org\/?attachment_id=17529\" class=\"wp-image-17529\" srcset=\"https:\/\/www.turismefacil.org\/wp-content\/myUploads\/wpcf7_uploads\/combinat_paisatges_cam\u00ed_embassament_terradets_abril_2019_5_i_6-1024x846.jpg 1024w, https:\/\/www.turismefacil.org\/wp-content\/myUploads\/wpcf7_uploads\/combinat_paisatges_cam\u00ed_embassament_terradets_abril_2019_5_i_6-150x124.jpg 150w, https:\/\/www.turismefacil.org\/wp-content\/myUploads\/wpcf7_uploads\/combinat_paisatges_cam\u00ed_embassament_terradets_abril_2019_5_i_6-300x248.jpg 300w, https:\/\/www.turismefacil.org\/wp-content\/myUploads\/wpcf7_uploads\/combinat_paisatges_cam\u00ed_embassament_terradets_abril_2019_5_i_6-768x634.jpg 768w, https:\/\/www.turismefacil.org\/wp-content\/myUploads\/wpcf7_uploads\/combinat_paisatges_cam\u00ed_embassament_terradets_abril_2019_5_i_6.jpg 1280w\" sizes=\"auto, (max-width: 1024px) 100vw, 1024px\" \/><figcaption class=\"blocks-gallery-item__caption\">Vistes i cam\u00ed de l&#8217;embassament de Terradets<\/figcaption><\/figure><\/li><\/ul><\/figure>\n\n\n\n<p>I fins aqu\u00ed les explicacions de la ruta, deixem per un altre dia, una visita m\u00e9s a fons a la vila d&#8217;\u00c0ger, ja que hi han espais culturals molt interessants. Esperem que hagueu gaudit de les explicacions.<\/p>\n","protected":false},"excerpt":{"rendered":"<p>Dificultat de la ruta: bastant f\u00e0cil, excepte un parell de botigues hist\u00f2riques, i una escaleta de l&#8217;observatori astron\u00f2mic. La comarca de La Noguera \u00e9s (amb el perm\u00eds de l&#8217;Alt Empord\u00e0 i de l&#8217;observatori astron\u00f2mic d&#8217; Albany\u00e0 que properament anirem a visitar), un dels millors llocs de Catalunya per fer observacions d&#8217;astronomia. El seu recorregut did\u00e0ctic, [&hellip;]<\/p>\n","protected":false},"author":4,"featured_media":17493,"comment_status":"open","ping_status":"open","sticky":false,"template":"","format":"standard","meta":{"footnotes":""},"categories":[52,4,115,5,298,100,3],"tags":[405,404,378,406,407,308,310,408,410,374,383,375,152,53,381,402,55,411,409,403,162],"class_list":["post-17477","post","type-post","status-publish","format-standard","has-post-thumbnail","hentry","category-astronomia","category-fotografia","category-historia","category-meteorologia","category-mobilitat-reduida-2","category-natura","category-turisme","tag-ager","tag-agullo","tag-astronomia","tag-botigues-amb-historia","tag-botiques-entranyables","tag-catalunya","tag-ciencia","tag-contaminacio-lluminica","tag-embassament-de-terradets","tag-fotografia","tag-historia","tag-meteorologia","tag-mobilitat-reduida","tag-montsec","tag-natura","tag-pallars-jussa","tag-parc-astronomic-del-montsec","tag-pre-pirineu","tag-proteccio-del-cel","tag-salas-de-pallars","tag-turisme-rural"],"_links":{"self":[{"href":"https:\/\/www.turismefacil.org\/index.php?rest_route=\/wp\/v2\/posts\/17477","targetHints":{"allow":["GET"]}}],"collection":[{"href":"https:\/\/www.turismefacil.org\/index.php?rest_route=\/wp\/v2\/posts"}],"about":[{"href":"https:\/\/www.turismefacil.org\/index.php?rest_route=\/wp\/v2\/types\/post"}],"author":[{"embeddable":true,"href":"https:\/\/www.turismefacil.org\/index.php?rest_route=\/wp\/v2\/users\/4"}],"replies":[{"embeddable":true,"href":"https:\/\/www.turismefacil.org\/index.php?rest_route=%2Fwp%2Fv2%2Fcomments&post=17477"}],"version-history":[{"count":42,"href":"https:\/\/www.turismefacil.org\/index.php?rest_route=\/wp\/v2\/posts\/17477\/revisions"}],"predecessor-version":[{"id":17975,"href":"https:\/\/www.turismefacil.org\/index.php?rest_route=\/wp\/v2\/posts\/17477\/revisions\/17975"}],"wp:featuredmedia":[{"embeddable":true,"href":"https:\/\/www.turismefacil.org\/index.php?rest_route=\/wp\/v2\/media\/17493"}],"wp:attachment":[{"href":"https:\/\/www.turismefacil.org\/index.php?rest_route=%2Fwp%2Fv2%2Fmedia&parent=17477"}],"wp:term":[{"taxonomy":"category","embeddable":true,"href":"https:\/\/www.turismefacil.org\/index.php?rest_route=%2Fwp%2Fv2%2Fcategories&post=17477"},{"taxonomy":"post_tag","embeddable":true,"href":"https:\/\/www.turismefacil.org\/index.php?rest_route=%2Fwp%2Fv2%2Ftags&post=17477"}],"curies":[{"name":"wp","href":"https:\/\/api.w.org\/{rel}","templated":true}]}}