{"id":17548,"date":"2019-11-12T13:41:49","date_gmt":"2019-11-12T12:41:49","guid":{"rendered":"http:\/\/www.turismefacil.org\/?p=17548"},"modified":"2025-05-14T08:08:48","modified_gmt":"2025-05-14T07:08:48","slug":"kobenvhan-copenhague","status":"publish","type":"post","link":"https:\/\/www.turismefacil.org\/?p=17548","title":{"rendered":"Kobenvhan &#8211; Copenhague"},"content":{"rendered":"\n<p>Mapa<\/p>\n<iframe loading=\"lazy\" src=\"https:\/\/www.google.com\/maps\/d\/embed?mid=1R5UJEqsry96z1FgG1prPxIm_fs4&#038;hl=ca\" width=\"640\" height=\"480\"><\/iframe>\n\n\n\n<p>Dificultat de la ruta: f\u00e0cil.<br><br>Copenhague, o Kobenvhan en dan\u00e8s, \u00e9s la capital de Dinamarca, una ciutat moderna, molt planera i sense desnivells; per aquest motiu \u00e9s una ciutat for\u00e7a accessible per a persones usu\u00e0ries de cadira de rodes o que tinguin dificultats de mobilitat. El transport ideal per a circular-hi \u00e9s la bicicleta &#8211; n&#8217;hi ha molt\u00edssimes! &#8211; ja que la xarxa de carrils per a elles \u00e9s enorme i els aparcaments vora les estacions de tren i de metro tamb\u00e9 (en alguns fins i tot hi ha doble espai per aparcar-les unes sobre les altres).<\/p>\n\n\n<table class=\"wp-block-table\" width=\"100%\">\n<tbody>\n<tr>\n<td width=\"1560px\">\u00a0<\/td>\n<\/tr>\n<tr>\n<td width=\"1560px\"><img loading=\"lazy\" decoding=\"async\" src=\"https:\/\/lh3.googleusercontent.com\/vceh0D_eJq-T6yDd-xvUZtAo7lED9dJh2HU4kpwYhdH9iRjk397PNKFKtqrwS4tAglKd-KL6fbNpBTcmZwcPm7aYmMsd5izw5doqxoakpZdRJsi91hg022RCt3nx8YeO1jqEgwFug2WMzwBmDqDn3uH3MaHCWI0m9v53oZuKUNzQ0oF722ldUz-58a7fnFGMXZu3VOvrFbxUDXARneFJI-GP9dukh4jmPObYFD2ItjtjAhSti5eGHhy5W5LQgD--nj8gmUVI38rbIcIkv495IT9mirX28x85YYiWhInD0x-Q15LHzB6h7hXFaOUmKQ2d5yXuM1ptdNVHlRJWC4aBSOL7BTuflkxs7bdyn8MCGsdCG3HGQRh3Z1pX9zVVE-gh9aKPI_F73-bf0NIyhrWL0aeXiRNJnjaq6UcKozdSz3r1UHBODj6KUZRXzQVtb-Gdi91PVTZIrBSwTaTmy9s3BuOIQdKQ40T3nPA5UYnYLbvuqfe2hz4LsKrY5tdlwgnmWvNeeuAhoLqP28_utTf5Silp5TAT2FfxIwkjzshUXLK1K-3m0G-KX3SXNek1tU1lJE0hq6OjFn5UuFMw_ZWw6_j-CN6atLPIUKFHe4YRiDFmCEceuOy1TVvkRHdDxJ4C5ApIM1acOcf1NP1GDJFJkZwH88d2zwfNaIfg6mnf_xADfV2ZZpm4FN2tNEuGYADKD8oBbshswJFGdMQrUJ1STyn9pUQSGvXHfCgh18dsuCH6D_s=w1671-h943-no\" width=\"780\" height=\"1560\" \/><\/td>\n<\/tr>\n<\/tbody>\n<\/table>\n\n\n<p>O sigui que no tindreu gaires maldecaps per anar amunt i avall amb la cadira. S\u00ed que trobareu algunes voreres no massa rebaixades, per\u00f2 res que no es pugui salvar amb una petita ajuda. Un tema a part son les llambordes que son presents arreu. No son excessivament separades ni grosses, per\u00f2 a qui porti una cadira manual li poden amargar una mica el viatge. De fet, en la nostra estan\u00e7a n&#8217;hem vist ben poques de cadires manuals ja que tothom porta scooters per evitar el problema o cadires de rodes el\u00e8ctriques (amb rodes amples). Si teniu una cadira manual, la recomanaci\u00f3 seria afegir-hi una tercera roda el\u00e8ctrica com port\u00e0vem nosaltres, ja que aix\u00ed es pot eliminar el problema de les rodes petites del davant que queden substitu\u00efdes per una roda grossa. Poder gaudir de les passejades sense patir pels sotracs o les enganxades constants \u00e9s un descans.<\/p>\n\n\n\n<p>Us expliquem tot seguit els quatre dies que hi vam estar.<\/p>\n\n\n\n<p>L&#8217;anada cap al centre des de l&#8217;aeroport va ser en tren i aqu\u00ed ens vam trobar el primer i \u00fanic problema amb el transport p\u00fablic: al baixar a l&#8217;Estaci\u00f3 Central de la Ciutat l&#8217;andana era molt m\u00e9s alta que la plataforma del tren i ens va costar molt sortir del vag\u00f3. Ens van haver d&#8217;ajudar els passatgers que van avisar el conductor que no reprengu\u00e9s la marxa. No l&#8217;hagu\u00e9ssim agafat si des de l&#8217;Oficina d&#8217;Informaci\u00f3 del Tren ens haguessin informat correctament. \u00c9s preocupant que ho consultis via email abans del viatge i et diguin que tot \u00e9s accessible i que despr\u00e9s et trobis una realitat diferent. Ens hem queixat per email de la seva informaci\u00f3 incorrecte. De totes formes a l&#8217;Oficina de Turisme ens van dir que encara circulen dos configuracions de trens i els antics (el que nosaltres vam agafar) no son totalment accessibles. O sigui que la nostra recomanaci\u00f3 \u00e9s que agafeu el metro a l&#8217;aeroport encara que sigui una mica m\u00e9s lent (totalment accessible) i no el tren.<\/p>\n\n\n\n<p>L&#8217;allotjament triat, e<a rel=\"noreferrer noopener\" aria-label=\"l WakeUp Borgergade (opens in a new tab)\" href=\"http:\/\/bit.ly\/2K979Ms\" target=\"_blank\">l WakeUp Borgergade<\/a>, est\u00e0 a 10 minuts a peu des de l&#8217;Estaci\u00f3 de la Ciutat, no t\u00e9 cap barrera arquitect\u00f2nica: rampa per entrar, ascensor a totes les plantes i una habitaci\u00f3 accessible, la triple, amb pica m\u00e9s baixeta i lavabo i dutxa adaptats. Nosaltres ens hem allotjat en una habitaci\u00f3 normal, sense adaptar, perqu\u00e8 la nostra mobilitat ens ho permet. L&#8217;avantatge \u00e9s que \u00e9s una habitaci\u00f3 MOLT petita i tot est\u00e0 a l&#8217;abast de la m\u00e0. El lavabo i la dutxa tamb\u00e9 son petits i una cadira de rodes no hi cap per\u00f2 cadasc\u00fa haur\u00e0 de valorar segons el seu nivell de mobilitat si s&#8217;hi pot desenvolupar b\u00e9 o no. De totes maneres, ja us hem dit que hi ha una habitaci\u00f3 adaptada. L&#8217;hotel te un petit bar, un hall amb sof\u00e0s i teles d&#8217;all\u00f2 m\u00e9s c\u00f2modes i consigna per deixar l&#8217;equipatge si arribeu d&#8217;hora.<\/p>\n\n\n\n<p>Abans d&#8217;entrar en mat\u00e8ria tur\u00edstica us informem de com funciona el transport p\u00fablic. Una persona en cadira de rodes el millor que pot utilitzar \u00e9s el metro (nom\u00e9s t\u00e9 tres l\u00ednies i estan construint la quarta), \u00e9s de conducci\u00f3 autom\u00e0tica (com el d&#8217;algunes l\u00ednies de Barcelona), no t\u00e9 barreres ni tanques, nom\u00e9s t\u00e9 m\u00e0quines expenedores per comprar els bitllets o per comprar abonaments personalitzats (nom\u00e9s si has d&#8217;estar molt de temps o vius a la ciutat). Tothom paga (la multa \u00e9s molt alta, d&#8217;uns 130 euros si t&#8217;enganxen sense haver comprat el bitllet o l&#8217;abonament). Els habitants de Copenhaguen s\u00f3n molt educats i c\u00edvics i aquesta educaci\u00f3 fa que respectin les normes. Amb el metro \u00e9s pot arribar a la major part de la ciutat de Copenhaguen.<\/p>\n\n\n\n<p>El<a rel=\"noreferrer noopener\" href=\"https:\/\/m.dk\/\" target=\"_blank\"> metro de Copenhague,<\/a> funciona les 24 al dia, 365 dies a l&#8217;any, i com ja us hem dit t\u00e9 actualment tres l\u00ednies en funcionament (la M1, la M2 i la M3 &#8211; aquesta darrera \u00e9s circular -i s&#8217;est\u00e0 construint la M4, que comen\u00e7ar\u00e0 a funcionar parcialment l&#8217;any 2020 i finalitzar\u00e0 el 2024). Destacar que treballen sota filosofia n\u00f2rdica, estrictes i complidors. Si hi ha una avaria  a l&#8217;ascensor d&#8217;alguna estaci\u00f3 (totes les l\u00ednies son accessibles per a cadires de rodes i per a invidents) ho destaquen a la plana principal del web corporatiu. Tot un detall de professionalitat. <br>El transport p\u00fablic a Copenhague est\u00e0 distribu\u00eft per zones, m\u00ednim dues. Les m\u00e0quines expenedores de bitllets i t\u00edtols de transport, &#8220;calculen&#8221; quantes zones has de comprar segons el dest\u00ed. A m\u00e9s a m\u00e9s tenen implantada una mena de <a rel=\"noreferrer noopener\" href=\"https:\/\/dinoffentligetransport.dk\/find-og-koeb-billet\/rejsekort\/\" target=\"_blank\">T- Mobilitat<\/a>, recomanada si vius a la ciutat i agafes habitualment el transport p\u00fablic. Tamb\u00e9 per la gent que no agafa el transport tot l&#8217;any hi ha diferents abonaments. Entre metros, autobusos, trens, vaixells i bicicletes tenen una xarxa de transport molt eficient. El cotxe l&#8217;agafen poc en comparaci\u00f3 amb els altres mitjans. <\/p>\n\n\n\n<figure class=\"wp-block-image\"><img decoding=\"async\" src=\"https:\/\/lh3.googleusercontent.com\/v2fbyj4dpUpZLautCSxVLqa2snbf811aCiN_hY1GpCbhlJgZIMDbhSOfxZiXCZNWvMGJgF19syFpmpGpKL9_OhAReHpDxBWPocZJ5rpJ_Jyih8oE9_30gZVfSRj2JFZ859Dy1K_5t-HGMRpeX8P7YpQojpt9iw_4MES4d24J6Hxnbq6G_K98MW7XZKQzYTREtE0Q38UGNz0oOhXafVeAsu8NPr-clJz85ULNVkH1uYHpEAlayiuI78kDQNm9xHVnnq3QR697WlHsjs-p5h_xKf7tEvoF11eXnG6PRf9Ptqe1LUCUaRTi1DEw30gb1d_Xf0xfRVlt2qWmTENw23wfyiai_okL0I1-c_eank_iWG6p2umA7Rh-6la-ReY_f0MsEmkb0zvG4dx-J_9aWHU23mGBNEwfcYlBHnasfj2OkFEgyiFNs_YMw-yRl5PKftuRMDso6olAVMPli4Mr-OLdhSxlOm8Ano0Fc0H_jBtjTgWUtXr4mA9CUNKJPgpv-Nod6e3WyNQ4FclzjnEi0f0W3hi3NjKhL44rXxcpzqH041tE-eRtTuiUZbOngeS2WvVCUxB7GQEylHgXatIAesBxTAxHSb-We6Z21fR_WhcUe8jvpeLzJdOBHVx4WGbjY6a2nT8JAxmrnRpVyGE8Kzz4AEugP0tFbW8WnBlUDadnTZT1LwnsoM8qKbFCccnQSeQ-qiQCrEObVFGUc2iKPl91cQt2y4G81y38kKEZvADObZA8fWg=w1671-h943-no\" alt=\"\"\/><figcaption class=\"wp-element-caption\">Estaci\u00f3 de Metro Kongens Nytorv. Copenhaguen. <\/figcaption><\/figure>\n\n\n\n<p>Despr\u00e8s de dinar, vam enfilar cap a l&#8217;aquari &#8211; el nom oficial \u00e9s <a rel=\"noreferrer noopener\" aria-label=\"Den Bl\u00e5 Planet (opens in a new tab)\" href=\"https:\/\/denblaaplanet.dk\/en\/\" target=\"_blank\">Den Bl\u00e5 Planet<\/a> o Blue Planet. Est\u00e0 molt a la vora de l&#8217;aeroport (de fet des de l&#8217;exterior es veuen i senten els avions). La parada de metro que ens deixa a la vora \u00e9s Kastrup.<\/p>\n\n\n\n<p>La visita a l&#8217;Aquari per a nosaltres ens va ser molt familiar, ja que vindria a ser una combinaci\u00f3 entre el Cosmocaixa i L&#8217;Aquari de Barcelona. Veurem molts aquaris i terraris, amb animals de la zona de Dinamarca i d&#8217;altres m\u00e9s ex\u00f2tics. No podia faltar passar per dins la piscina gegant (el t\u00fanel \u00e9s m\u00e9s petit que el de l&#8217;Aquari de Barcelona i sense passera m\u00f2bil) per\u00f2 la &#8220;pantalla&#8221; del final des d&#8217;on es poden veure tots els peixos \u00e9s enorme, sembla una sala de cinema.<\/p>\n\n\n\n<figure class=\"wp-block-gallery has-nested-images columns-default is-cropped wp-block-gallery-1 is-layout-flex wp-block-gallery-is-layout-flex\">\n<figure class=\"wp-block-image size-large\"><img loading=\"lazy\" decoding=\"async\" width=\"1024\" height=\"578\" data-id=\"17570\" src=\"https:\/\/www.turismefacil.org\/wp-content\/myUploads\/wpcf7_uploads\/aquari_foto_ja20191016_124221-1-1024x578.jpg\" alt=\"\" class=\"wp-image-17570\" srcset=\"https:\/\/www.turismefacil.org\/wp-content\/myUploads\/wpcf7_uploads\/aquari_foto_ja20191016_124221-1-1024x578.jpg 1024w, https:\/\/www.turismefacil.org\/wp-content\/myUploads\/wpcf7_uploads\/aquari_foto_ja20191016_124221-1-150x85.jpg 150w, https:\/\/www.turismefacil.org\/wp-content\/myUploads\/wpcf7_uploads\/aquari_foto_ja20191016_124221-1-300x169.jpg 300w, https:\/\/www.turismefacil.org\/wp-content\/myUploads\/wpcf7_uploads\/aquari_foto_ja20191016_124221-1-768x433.jpg 768w, https:\/\/www.turismefacil.org\/wp-content\/myUploads\/wpcf7_uploads\/aquari_foto_ja20191016_124221-1.jpg 1600w\" sizes=\"auto, (max-width: 1024px) 100vw, 1024px\" \/><\/figure>\n<\/figure>\n\n\n\n<figure class=\"wp-block-image\"><img decoding=\"async\" src=\"https:\/\/lh3.googleusercontent.com\/j7uVGiaaZtSebqN1zNL7w7HwWNwg3wi2PbmrmHDX4RGiGflDyPO-gZIQicFRgaOsxS7qzJlgv7gAIjJ9Dyhu56BNzoya_FSs_Dbr7U2OfewebqEj4Clv0VGNWBJ92k5M8FdeqN2oitKN18eNpF4PkSffZ0Z0lRCs4ApDHWCpTtLDApocOzqB8CyunynWIZEsf5vNmy5NLBEqvyxej537DVw_Dg9EBGUbgQmk34Kmyk8LvYDEq2pDCofSnHTxypUIhc1B3U4AcOLkyu8K7WoxrPnm8_kamiTj8BlcJ35xqCBImO41mRCguCZBPWKfKA3FAXUMDkPV9gPIWnM6UMjn_6-CbNGdl0ITQ7vHp2SSHhZRvJDKmIzd4NzmbFKIqqit68jw7-VjAf_lZAib_sjWJ7HGD-qYyuVNhVM-ajV8GLtHMRaR-WTalyGwSP_J2nLJTOonjy5JcQ4k-wHfT_fBPKxywBHWxyy9190JghQB4veFHGc0FnOaAXfi_HqkRYngn9u6tATD98zYS_HjjBYTmOpBsHktulXkUBpJgeYVx4iF7g4LjClQX_pdqjyQ9Anl7mghNJNCWSIMDj9LFysr-BIReSqe61lXiL6MVRDJRG95DJz7Vm-tq8B5PvZpM7d5XNBs5-fiN7_B-ltz7JqATSc8lf0UQaJeiOWEW8j25-rywRqVU6iaq92eXlmGNjpwxOqONWpsIEK0dUPzj2XRx-MBgpUtcb08HEeBNdzshnoo6SU=w1415-h943-no\" alt=\"\"\/><figcaption class=\"wp-element-caption\">Vistes de l&#8217;exterior de l&#8217;Aquari<\/figcaption><\/figure>\n\n\n\n<figure class=\"wp-block-image\"><img decoding=\"async\" src=\"https:\/\/lh3.googleusercontent.com\/1QwU5Y5ER4VgHIUBywvQhcH-oVYfZGuqCEzgMWt1sACoWnMh102mbi4OtErU5Y1eNSg42ZldoJoR5cLxXtxC9I6MIsJl_cmNRj1wOwbx8zqEllWFVw0eOuQsdxZviXBJKRNHlHY05Wz5wQcN-ThIwsT_ZKfy9ZxHZtGiMyiE-jbUgwrSlgmLRIdKGqbcWxt2qT7UHHbpxzIY4IbW2pemUS2x20B4xSeODabhe5YSVi-1wzeRPUNp2DkYy7P1KPbotww-B6EhLsPkXNj9pYt9nD0EYiXtjaLKXuM0lCEVrVLNG1ZJyp4N6atdbaBvdG4G_ciDt2L3I9y8R2gsDC8n9s5ojKXJGa8gHHiUY_bHGouPP-P-sBEqWtNRgTzlbBeuuI3mjhDsdppKYKjZxab-aILJ9gNT9IthincvsaswnUwUK6vmypZ2-fv1XwunfKXxQ-VgcswJB4qwmEafypy0RwKA51ImKonlE3nGU9MmLMHDsItJ1hQu54L1lm_OZ32sLzuAK-qh5S7LZCQqVPpzjEK5M9HpxyvNwIQcPQ3qYuxD_iJn94QEhEz-u7fMddPk8V_PgSBfRuSFby6X47bQ-bVgh3MDQnOipH4q7RLmDc_QkVvhUMz4nF-Kyb_TOlIyqnKHMp1IA_qor6bezyunp_YD9LpoQQl8UsTAbA_JU4CRORxR-QWxp2i2rP2hHOaI4-RpJ8tKFEkvw5UeYP9nfTdFd4uMSRcahrcth41ozmQoHgQ=w1414-h943-no\" alt=\"\"\/><figcaption class=\"wp-element-caption\">S&#8217;arriba a veure Su\u00e8cia des de la terrassa pati exterior de l&#8217;Aquari<\/figcaption><\/figure>\n\n\n\n<p>El dimecres el vam dedicar a voltar per la ciutat. Al mat\u00ed, un cop esmorzats vam anar a veure el canal m\u00e9s fam\u00f3s de Copenhaguen, el Nyhavn, amb les seves casetes de colors. \u00c9s pot passejar sense problemes, \u00e9s tot pl\u00e0, b\u00e9 igual que tota la ciutat.<\/p>\n\n\n<div class=\"wp-block-image\">\n<figure class=\"aligncenter\"><img decoding=\"async\" src=\"https:\/\/lh3.googleusercontent.com\/mTOdjk1UzEJmk-_0upBpdv5kUo4Rwp9pwfo7_xv4eIBrkZix-uzKKAOsiRt6v8KMRhYCzM36lAuAPdC2gABS-uiseurM86t9LOEER63MPNlcp6CN3qVeL3rYuizucUOG0VFTF3TfIHnlvCvSMyJiY5j_EiCdkmLb4ReBDpq-xYtz5RtNXmRnjo8LWQ15MgqEPeiQ2e1CmWAtKL8-CWGhofAS70eZvT2A0W6qXwsUr_AzPXApROgBUTMmz9wVy8HyNCsOSxhGYw-DxidCwi0073zBaMLNy0BRbYIAjnCz4IsE9zrjwMfb6rcufA3PmtAzIsEbvvzV6ODAisDaTPzAvIBwOMNBvCvC6JO8VTZFv_Uk8TbNFXbFBxU3E_97LHiZVWq0uXOcXF6oHPRqItlmF5qNHMocxKucryy4ymapKyqshsv9WrFrh_bNwjCCDGRzwD3t8oSjrfApm01_ywoJfFhcJ-Eeguj7HjFPpk3hNQWVXz1Be27yVldVsVhVcMLiDt4LflKGEWDWpn-SVM2z3o_863XxZIRAnUBZgtqO0CQy0G3qYfIkxUYsLT7-r2yoHamq3aEIzE-CmQoXY95RwyrKXUNStmNKkl5YLVymmcXYAmUdbwwFZuO15Ar7GTUtuvYTMgomC2OUYTWl57BYqmIOzs3jI7_AYc2XyekH0yhgFSvtuBjigdg_R-Yu8g9solkQQWGXvEwnPc0Rx9GqxLUUN1z5PkTdItpvQ3_FHDPgGi4=w465-h346-no\" alt=\"\"\/><figcaption class=\"wp-element-caption\">Vistes del canal Nyhavn<\/figcaption><\/figure>\n<\/div>\n\n\n<p>Despr\u00e8s del canal, vam marxar a veure (per fora)  la resid\u00e8ncia d&#8217;hivern de la reina de Dinamarca, el palau d&#8217;<a rel=\"noreferrer noopener\" aria-label=\"Amalienborg (opens in a new tab)\" href=\"http:\/\/www.kongernessamling.dk\/en\/amalienborg\/\" target=\"_blank\">Amalienborg<\/a>. Est\u00e0 situat en una pla\u00e7a molt gran amb llambordes on els soldats munten gu\u00e0rdia amb uns uniformes molt vistosos (podeu veure com canvien de posici\u00f3 sovint amb moviments militars; a ells els deu semblar avorrit de la quantitat de vegades que ho fan al dia, per\u00f2 per als turistes no deixa de ser entretingut).<br>No hem entrat a veure l&#8217;interior del Palau ja que no ten\u00edem gaires dies per visitar la ciutat i ho hav\u00edem de comprimir una mica. Aix\u00f2 ens condiciona a tornar en un altre \u00e8poca ;-). Per tant no us podem dir com est\u00e0 d&#8217;adaptat, encara que al web ho explica for\u00e7a b\u00e9. Deu ser molt bonic, perqu\u00e8 per fora ja es veu i est\u00e0 molt cuidat.<\/p>\n\n\n\n<figure class=\"wp-block-image\"><img decoding=\"async\" src=\"https:\/\/lh3.googleusercontent.com\/Iny1kVCmNbaIeWxu9oo18l0YDojOrQHGwSuC9r4B6xUdSmmcP39OwcvubPePsLUB280exDq7BufMFRA3CoULH-Ksm1SOLNmGb-mX9VOvJg3qBrBCy4qO3p8P0Q5TTi7tnK5zxkG8T3Z0tvMGO5yubl-4TiaqsVXFMsMdIud1pOM6vvhLPRVS5ExyeZAEYRpNaRiEYX5YHx87UeMVBjIt_QcyRoWz_Eo_y-0kqmkksyI-qK-dGC1MSS5pdw8zoVXGxzXinr1Q1Gi7NXH_SmteAvd3gKrXg-QVNotMKc-XdK9p8NuzvodDcFPrqATXpkHkEeEWds5WcRQjqXWOxSvPBAUJpLNYD76SkHN1I_Udv9Vpt0QgVra_TPmyE7f0JaNyqUtMEAAdy6ZDXVohlay17cZR46ws6SHWd2vHzHc4xX2tEVq-2666vyWKqLwJGw1SfzVgJ3FsGMYpaJpBcfYXLO1CuU0lRYGxcyJR2Dv9Gnn4dQN46qRpVsmDkbcFQ_cCbOd1_0zxEJzXhBweaGlyEyuUA9g8hPLu0iO6-HlYtp40UURuqwbCmudBbmX118ZAwAEulzMKXqURoxZTeFbdH0KRKNhgkj1BNhjgbySNC9pp_0g9yTOSYOhvzrUA6oQ19eYW8BP7Ln_CU4A9rraYIOu6UTDGAsEFEu_i013nwIveN1n4bVZaoABZvNAVo9xyaVwlpBfX8yZPM3n_nPnLW1nrR--KizaKPcQ-MYcu2Rf_xIk=w629-h943-no\" alt=\"\"\/><\/figure>\n\n\n\n<figure class=\"wp-block-image\"><img decoding=\"async\" src=\"https:\/\/lh3.googleusercontent.com\/L6iJF-7vOYmbVHpICKcy4Dt7IPnRHok4diH_IPbUfz9xJgSanH3ngT7zfT8vR_qIyL1JxaxrGFzQOYjqiz3nyZiAx7TVqrkxJBRCGzvW_PJbIlzuEbudkz2Jm7Qvw_V2YeAyJ9nlZcs5U9NEPkHngfUX3Fry5skC2HfreddUPFem680uw4N96LWNwoZwe1BBNX6744-n0XD__dD4xGpIIWErH1pu_PytjaujDzY-YLcDVfhFHqaryTBv4-VluaGnaoz-txxyljTJsFwlspjtHseSMKG83_FdhG8uxpLcW8dM5dNBzTqLfc5L5soi3FFCMR5_XOsSmuEaPvbDqtJWBZQcP8ZQG2UoBuIjGF_i-zY3uy5wts3tw0qmGDpXfgwNyKK5dTDWLW99sE24_oCfAncuZzV3dh3BVYXwgzo0FDIXhtc3y4Xnhkds9LnpTYoZ4bz2rx16ao_LHzRF47omJ1TTIYNDo0BuR21_0nCQAw6VyOIqJfuNlngzFJW2luwlur5NP8f_qRAYehKl2aA5HtZDrcT7_rDylLFMfwz0QxtkCVFsd4zwLaWOm3fUyzwBwYhnqNB_yZBajI6Q_x1BqcB6p8ROtHAE-P-tcHNGQOsV7vLmPklOL5kaMss6DHgrLcr8747QZj0n1E9nQzmUoKciNro65hb0Ocuz46S44BmxYssnugmLWZX5cs1gOvP3UUdYh8mfD_SaCaLTWw_0V0xnnbswBeljZswS-biZr3jpj44=w630-h943-no\" alt=\"\"\/><\/figure>\n\n\n\n<p>Despr\u00e8s de veure els voltants del palau, al migdia, ens adrecem cap al lloc on hi ha la famosa Sireneta. No \u00e9s tant petita com ens l&#8217;imagin\u00e0vem, far\u00e0 un metre i escaig d&#8217;al\u00e7ada. Hi ha un mirador just al davant per fer-se la foto de rigor i si sou atrevits podeu fer uns quants saltirons per les roques i situar-vos just al costat. Sempre est\u00e0 ple de turistes. Es troba al costat del <a rel=\"noreferrer noopener\" aria-label=\"Kastellet (opens in a new tab)\" href=\"https:\/\/en.wikipedia.org\/wiki\/Kastellet,_Copenhagen\" target=\"_blank\">Kastellet, <\/a>una antiga fortalesa que te uns jardins molt bonics. La tarda que vam fer aquest recorregut va ploure for\u00e7a i vam arribar a l&#8217;hotel xops, encara que port\u00e0vem impermeable. Vam voler fer el que fan els danesos, no paren i caminen sense portar paraigua. De fet els \u00fanics paraig\u00fces que hem vist els portaven els turistes. Aix\u00f2 s\u00ed, bons impermeables i caputxes ben grosses.<\/p>\n\n\n\n<figure class=\"wp-block-image\"><img decoding=\"async\" src=\"https:\/\/lh3.googleusercontent.com\/-y2WKPNAyEW9OeQa8WWn06cw8LzjHbTy7C8rzC07OpK0cZ_zvTD_btQeaZ_XbTlrg3gGRh2RxLdC7uyE30VpZIM9Yp3igURfPTkBEmwNN7EB5M2vHM2NtigQP0aqLAYdJK8bJSMIOw5mhZ-PC6UU8aPjgqWpBVwDDwWvs7M0YQLmJEb3gaf_xepW5-fZwOrD7PbUj-xuk1K1xI8SnUXNsqwpYwm57BCREUW5EY_srxzpB0jp2t0Y4hyd9PD1Rmd3aWUTFtzmd1cSDWgSUHOOxcBw-RXRVJgl1AeaaHy8Ygp28qZmRNcV5hnarq2RlLXmggDyYcNthSXItkip2-FENv7boTS4415kBTnC5RnD_GJ9ukHYXEM2U5ZenptANwRoAoV5InaI2z9KTy0CI3aCja9kL7X-mWx2vdExQMyV-k7PjE53vaVDeMMBoJnU_YmDJw7OIQlCMMIZVnBf6aKlev74m8jnmQWssYcMxDqTuAOU0jJonbmCcbe9ETvbwqFZ97O12RYKqr8w63RUWcITA2-_4W9RZvu6BoblOyKuQ7NKxuZCYi6XISz3nv1nrneinczdFretAZBQOgALc_xgKgU0Egr_cqcXdDZ49khZZ9r-KCRENKF3BVSTTyGNDxX0xLMjsO9X0aBYm7ifwgk1LkslXu5R7mwU_U1L10EDr8Ww0DMpPVjZYuz_dFmtbuWJ0_DxrjOQxQbZj1QTUis4va_tVCuqBXeQQUkOBdq2m_OfqEk=w1414-h943-no\" alt=\"\"\/><\/figure>\n\n\n\n<figure class=\"wp-block-image\"><img decoding=\"async\" src=\"https:\/\/lh3.googleusercontent.com\/hNxeV6zWYKl3a7xJDbF7WqjTYh7k3Jm0hDjU1xZukWFTCAjdLqxzMec6ZiZBBPwqrsNo2U3Bkifz_KeQ4aHOzxsAWEjAkGq1ZRyjcOlrjH783SUg-l0oY6HfcBfE8oveMkPYzzP0_vRTc6nLLxCZl3ubAlE0WddoowO21Hn3jpMVj40PiV0mxlm79gXCFZrhMsKf5kfqcC8MxvTAQYK1PzigT_yN-jinil2nzIoFdX6-4tUydwvI6w1X5W5p-OwYRRJsFfvD37vc_H8TwZ4pZd6g9KHkTPA7n1It1SBFj63MKWh9V_P4XxTKUmph_eKo1j_du4qkPkQePiUA7eJVToiI7VpZamkFRTShqsqxwDcD0Y7wxSoIfFndbjK3uvvndmPd3C6asdxte-IcnnC2L8grcer62wmLibG6urYhej83fLI1aj7c7nj9gZ214N2QPp_rWSK3BAP59T07B5neWMqu7cDemwyCwPmzmzwNjun7ZoWmV1ZZf5zvgtHDXhUXjvw0KViCEXWQ_EVD-P6IzQGSa-jGQXojF0L7a2das3MnDc2YR52Z1a_vbBb8NVhvpdvIuZE5aJFZX7GLv9t8YgGIQ2MHxJYvXX36YlFNXyy-LoiBGMMCaPTi57xspbYXdEd92sraSNQPoZoj-Ud910_oTSv4AkGrzYK1hXWnzEJX93iI4YrwFJemIUZIPDfcwZF7XzEyhSCLpLUNw55MM_Q5NA78p8zkHVDCHXkmQf4xEkw=w630-h943-no\" alt=\"\"\/><\/figure>\n\n\n\n<p>Tornem a l&#8217;hotel a eixugar-nos i descansar, ja que al vespre-nit ens toca una visita emocionant, el <a rel=\"noreferrer noopener\" aria-label=\"Parc d'Atraccions Tivoli (opens in a new tab)\" href=\"http:\/\/bit.ly\/33mn41j\" target=\"_blank\">Parc d&#8217;Atraccions Tivoli<\/a>. El Tivoli \u00e9s un parc d&#8217;atraccions del segle XIX, concretament de 1843. Trobarem atraccions, la majoria modernes, com una muntanya russa que fa que t&#8217;agafi un cobriment de cor nom\u00e8s de veure-la (de fet passes per sota i sents els xiscles de la gent perqu\u00e8 fa uns loopings espectaculars) i alguna m\u00e9s rom\u00e0ntica, com un parell de carrussels, barquetes il.luminades o curses de cavalls de fusta.<br>Sobretot mireu els horaris perqu\u00e8 hi ha uns mesos l&#8217;any que no obren. L&#8217;hora de tancament \u00e9s cap a les 23 h. El Parc \u00e9s totalment accessible amb algun ascensor per canviar de nivell, encara que caminant i rodant entre la gent, vas canviant de nivell i no te n&#8217;adones. Hi ha lavabos adaptats (segons consta a la<a rel=\"noreferrer noopener\" aria-label=\" informaci\u00f3 espec\u00edfica del parc) (opens in a new tab)\" href=\"http:\/\/bit.ly\/2CB3r9W\" target=\"_blank\"> informaci\u00f3 espec\u00edfica del parc)<\/a>, encara que no els vam veure.<br>El parc t\u00e9 una gran quantitat de restaurants i botigues. Segons l&#8217;\u00e8poca de l&#8217;any trobarem diversos ambients. Nosaltres van coincidir amb la temporada de Halloween, amb moltes carabasses i decoraci\u00f3 adient.<br>Des de fora, el parc no sembla tant gran ni que tingui diversos nivells. Els preus d&#8217;acc\u00e9s varien segons el que vulguem fer. L&#8217;entrada de passeig sense dret a pujar a cap a atracci\u00f3 val al canvi 18 euros. Si tens una &#8220;discapacitat &#8221; l&#8217;acompanyant no paga (no ho v\u00e0rem demanar i ens ho van oferir directament). Si despr\u00e9s vols pujar a alguna atracci\u00f3 hi ha unes m\u00e0quines expenedores on pots comprar els tiquets que necessitis per atraccions concretes. Tamb\u00e9 pots comprar a l&#8217;entrada un passi complet sense l\u00edmit o comprar <a rel=\"noreferrer noopener\" aria-label=\"per dies, per fam\u00edlies, per grups... (opens in a new tab)\" href=\"http:\/\/bit.ly\/36RjLS1\" target=\"_blank\">per dies, per fam\u00edlies, per grups&#8230;<\/a>. <\/p>\n\n\n\n<p><\/p>\n\n\n\n<figure class=\"wp-block-image\"><img decoding=\"async\" src=\"https:\/\/lh3.googleusercontent.com\/UJefl28qjFBmfvLqQp_gPlyRx6s0hNBVFDgfrlNty6Jyzma3hs_jDGsDfAFaJNqC2vggoBgRA6RE-FAMJkNa1hjZlwXQBwn4HHJuZIRtchQJt479CFWbIWP2eZeVtGktqHS4u1T7Dk9CTUPwbSFvAQ3WHOUHW82ekLynIePmrFloqMhFKz3gsY28MTJtmwSEEy8LwsayMONKrUDd7osYHUo87tpRQ2KygkXTOo3Eaw9Hekrp7Ra47akKpPxuZCZE_LABUZdilie7qDNEkGuK_h9GK8JNBZJd3Lb2AxZl0ub6NKf66bVQhAtEv6-SVP5ex-3bU7nkzH-Pxgz5KdxCm4IMIhslaVpb5lln3O7wCBrBwT7p2_rhxcCU5-D9BAvA3DvBpKVZ0u2N2dBD8Om1zU0pa7QqzjESdaghx2ZqeIq-8cJNLxs8Ezn6zd8MyZFAsls32VLCZKrwO6UsfCdP5pY3t8yndu8Y_HhB8irMVQgzMHFmXiLxzJS_nqtdkUhhVKe1DKpDPVwJodBX_HjlR2qhw4zKnfT-tL1uvS6DgzN7YNAU-tyKNvSLcqpTXBvHpmU5-FM9jqs9VuvIkNgoaERBoUctJO3RjqpBWXRoNmhpJmLFzkgM23FIQlpdpTfuHkiqpjHyQACArbp0sakdgyP-vRHj6CpqvKven_vYMYWuEwItoHigeLOaH1ew_OrMWNhgsowaVFo050VqTSni4wOsB-YhUaTzv9YPRx79Bz4O6TU=w1671-h943-no\" alt=\"\"\/><figcaption class=\"wp-element-caption\">Vista Nocturna del Parc d&#8217;Atraccions Tivoli<\/figcaption><\/figure>\n\n\n\n<figure class=\"wp-block-image\"><img decoding=\"async\" src=\"https:\/\/lh3.googleusercontent.com\/nmxdL9Q62zYES2qKoQKrVZm-uJZZbLTxl_VRYwg5FYN23JULRemOXd018l7UhBAmh83Nzf9Bq8T7O_HzoZ9h9o-C7PzN0bU93v3nxaQOH5RRMU_yasa5dtyOjEUERehvVmiNgbmwc3ZXEZN43bHJwN7guIdtj9JI00_bSAACpwz58S06WL-E1TTtyyrcjkTlptEsE-s7eicKcrFO_U9_vRengOTaqUPyiNI3vzp2q2McHyQpwb8YjplilIdZn7KWq1WyjUHnfRHVbKlTLJs0LOkKFXLdfJCppbeJnwzrdcI6addud2GqXuGjBUMuVepBGbJDJbnWqOB1VKcMb7X_BnkN__GV5KkGUhynlr6GliginSLNaUyTJgD19C4QvkS4tZDrxwFcNW9MO6MdCwFBiZLUnwcDQkZGUTyNJKgzS1zomg_ddz-Ci-pLRdYSy2FguMQSEN4JRTzYY5u3_RlmB99RO1k8k5Uc2c1PtLEK1_OwCsPWyj7LoomQDhPazQDJqIOWf6_BDUn9NCbaer60uae4DYrpvZt22eB0HBBFEhroOhicoj6nyg8C3Mhy9G4H8AzCQ5CP6rudGPr-OyZ8cFLntC4OA-DQr4qDjl1LW_kvJY251fR6-v2MliMKAS2NHzt2p5OvCqgJobdO9ddB5hgd5vcxFmNLH2Ztad63L3b0edStBIo2QZecnA1MWMfwShI9HlRw02mjWDDkaNY2jLl8Rs3ZVC298C04HUXPk7zSGDc=w1671-h943-no\" alt=\"\"\/><figcaption class=\"wp-element-caption\">Vista Nocturna del Parc d&#8217;Atraccions Tivoli<\/figcaption><\/figure>\n\n\n\n<figure class=\"wp-block-image\"><img decoding=\"async\" src=\"https:\/\/lh3.googleusercontent.com\/WnE0yZuU_yLETSwfdSlo_ZMBO2_3WQ4gLxfHtA0IbxLjq8nMuxdnAJtMnsTuuYCK_vh4Z18b1PRHQ4G1qI-wmrDmvYo2mdNg8Ef7xaXTPGzGk2Z0ybMGrwybNYUxuPo5V4o9dbE-kIeSjLZ_2SoB7PDFqVWL7ZjtvvU9OLzwhEFldv7TldUaNmohNd5x7YBirUXJXuTHKwIT3xsdNyTEtdw-YZaajMS80voSF80ityQt80f9fJvf-Pu2H2Kq5F_LMPTBiaGrM0uAq2DGbDBnhccj-V3C2S2jReav-Y_2fM50cmh0VNtmbZQflL4fONW00wXRo645dFR9d06mRt1O80z2TXK74FHEUldLXLXSDhnB0_wAbskJ9LQpi5uQofNN_WLWLOT9fBtTuor6n-7-h6gYS8qyLe3BXnOx0WaeYGoM1bYUT8s9GUWxl9MJn71ZEL2Iv9MUnX3ZvNFx0n99bGPuqdK6OXosg7p8fz-RyPlYE44sW8pHHkoWfZbNxQ-ScYxUqzPeGzZpFmEeyoWfGp8F7gADlok5zwpTdUkXNhU9iTWKQQAgfVDbDTxEC1Icv9j3HwbE64EtTtk58bxp33i2tQ1o9glzT4xlHHnVk-xWr1YLR0ZnEEdrVLwHNWbukZRyG4rUTRB0T27AVSn2qBw9-HMAkqyFJOkeyD74r2KwoOZ0Mh_LdoQrt5GxRJvuTvW5KQM2SvsaKtJMekB7-3DUEPT3UVFW8cKkhszvTiysY10=w1671-h943-no\" alt=\"\"\/><figcaption class=\"wp-element-caption\">Vista Nocturna del Parc d&#8217;Atraccions Tivoli<\/figcaption><\/figure>\n\n\n\n<div class=\"wp-block-columns has-2-columns is-layout-flex wp-container-core-columns-is-layout-9d6595d7 wp-block-columns-is-layout-flex\">\n<div class=\"wp-block-column is-layout-flow wp-block-column-is-layout-flow\">\n<figure class=\"wp-block-image\"><img decoding=\"async\" src=\"https:\/\/lh3.googleusercontent.com\/Ii615m0hrb_UxuiYIz9PAKyrVs2AU4DHPBzVRWTHsqru8cfgJSWiZqlHmGwt9GFmpIMlDnesgMOXQyj3W4Va4axQhu8CvtGnZ6zfGiN9OQUuMZ1anPczmyNZ0YtN7zsUlBsCP5g5X6HeEaJ0iQWtnh-MpyQVYQ4VnQELy-Tm93VbYUejUgDsvKQ4HRc53PdtBRSa3Yzj4QFuiDfKGIjtlENouUqLEFPWK4-vFCjQw7ibhD1DZVyZRwKHvvPD6q0DBaUDHqQpLhPl-1r8FaN4XhBv8lsKNkoRGfXKW0kMOpb8pZrYOgXbDfOn4jDHd_er_i4nf9eiUU-oWdCbvl4onW6j1Eu8qsqkc_2Vub3J2mAUj3an8IZu97fx4RokRMpTS7-bfblzWwA9SqbZb5WhxeTvdxLSB-nICVqlEkBtBMK_NJrFw-YM2gD_D1ccx1GjD-O0Ec4sr-zAdqIybaGp3PsHHzlRDrZ6Ytmu0O6fGSdwix1HMtqfL6tewU8I0wEXX26VOxuL3HcgP1zEP3yJjVn464a_XyJCw5tpX8DEjiocCXUOyE6usuKnNONrh2v0Rq2y5GPOb7c1oNkPhgl7iJL1bH0-z-AM4m1c-4OvV_NjCJLplvAAAtErNrOX-UJDeWMmf6hJxSwkk1nfKPyrCbkviGWOvoDx4KNrz-szA_U1LOzdqyNpHFJ0wd_lipCJxK5EHlw3kptPOglaMYILDjaffIrYECfVM3NwbJnurrgLPFU=w533-h943-no\" alt=\"\"\/><figcaption class=\"wp-element-caption\">Vista Nocturna del Parc d&#8217;Atraccions Tivoli<\/figcaption><\/figure>\n<\/div>\n\n\n\n<div class=\"wp-block-column is-layout-flow wp-block-column-is-layout-flow\">\n<figure class=\"wp-block-image is-resized\"><img decoding=\"async\" src=\"https:\/\/lh3.googleusercontent.com\/qprgoOzhC-J_qG2HtATP41W-fr_9ife1gZs9uyFChaqrdV05By10pt0ymJlkfAngRoNeJmgvrt62jtR-7Y0nhAjvi-X-x0W-mu4QVzUKO60FqfSWPPE_YiH6LqnUnJYb299fn1KHe9cVX5nUUmqxGzLyKQMbyr1sbIwhEyms3aEd6Zqs8HZbtVrgTiLph2T2VlH45R46r4W4G4BgJgs2z3aQvXCVOcl7-e3qhF6ybzGRBLoIapPEwZ928EeLLHQxxcXjYXM22Tky0irG69jxbWoNNTp-E2ceLA4f80RbpeeE7V-3NxDhPM8gZ5m22yqoIbb7DAP6ZydTK-C2XvJYwIKtcoPe5cII5R_JJgJWgC-fXwhSf8TktPYddXBpLWm8bZUwOXD_YOdGF9OpCMBDOR9lvlXU2rwj_XyObtLmqzqPB-pJ5TGApDPBOs296ypYe-_ltUUV7yV6irdNIHAXrh3XTWRP-ViZyikEK8OxZ7NPxHHdDI3sZWJlQHGDB2fApf3njPDjE8QyKDawoBExXRYXBbOMh4alEbVrcI2OD-9ic1twUlEA5dj63o7SVyFrUgGF5lBFuaz3dz4z06uR-YP8T_0FXJoUvZJQd2LU7yQY1xwxTlME3D4HT6uJ6CxBdzJq5KmhCmpnzo4p9L7t0yUJzKNV0K_DRcP9KaVa9-qEu6NlWgZjOjwQHrPjiFposszSLYbqJjKLUv1yMdDZfaYFg4zqfoI8U_l9HxtDBB0TGHI=w630-h943-no\" alt=\"\" style=\"width:319px;height:478px\"\/><figcaption class=\"wp-element-caption\">Decoraci\u00f3 per Halloween al Parc d&#8217;Atraccions Tivoli<\/figcaption><\/figure>\n<\/div>\n<\/div>\n\n\n\n<p>Al dia seg\u00fcent, havent esmorzat, enfilem cap al <a rel=\"noreferrer noopener\" aria-label=\"Jard\u00ed Bot\u00e0nic (opens in a new tab)\" href=\"https:\/\/botanik.snm.ku.dk\/english\/\" target=\"_blank\">Jard\u00ed Bot\u00e0nic<\/a>. Si aneu a peu, agafeu forces perqu\u00e8 ja que en ser la ciutat tan plana es fan bastants kil\u00f2metres sense quasi adonar-vos. Podeu agafar el metro i baixar a <a rel=\"noreferrer noopener\" aria-label=\"Norreport  (opens in a new tab)\" href=\"https:\/\/goo.gl\/maps\/R6wG4wNqaaj1JHCB7\" target=\"_blank\">Norreport <\/a> sense problemes, ja que no t\u00e9 barreres (recordeu que l&#8217;autob\u00fas si aneu amb scooter o similar no podreu pujar, no est\u00e0 perm\u00e8s). A 200 metres aproximadament del metro teniu el parc.<\/p>\n\n\n\n<p>Qualsevol \u00e8poca de l&#8217;any deu ser bonica per veure el jard\u00ed bot\u00e0nic, nosaltres l&#8217;hem ensopegat a la tardor i i els canvis de colors son espectaculars, ple de tons grocs, ocres, verds, vermells. Com plou sovint, la vegetaci\u00f3 \u00e9s exuberant i els colors en conson\u00e0ncia.<\/p>\n\n\n\n<p><\/p>\n\n\n\n<figure class=\"wp-block-image\"><img decoding=\"async\" src=\"https:\/\/lh3.googleusercontent.com\/BlZMdqTjJ3wJa5EUJWqWOREG6kmnxr2MHeG2A7BAKmGhFkGFYMYdlLxg18hg_BrPxE6rGbdGXDtzAmD86p-PD81quzl1No4G7CijD7xhd7BRk7ZSzDE7f-r9-JxngY2x1wqsyUZ7Vy1tmKmhaxz70IvOuF7cmDGbzDO83QqRrngXxcsEIMVQ03qjfXw-CsTtadEwidJWbKzSQZzbrtq8jh3ItCwNBS4_S8v31Vy_a8KsUQIpSe9HCISVaQYDBN54TY_MIvijVPHoCd8O8i57CLroWdOD_uCa1TLpKxE-SVab3qk2qq1at6h_5fZQAFCSUQMm1JrB_nkilcvnHxCoupk2gx7XR2nBWMgp4U1pR2l7nSHtIZEhM2E35YpX0vxnwsonRX5iToHwdomtxLjpBxXVS2yZUIVBZIO5YwPrJLbZF5SceKjjD6X-JGkn7TzvqodIYkGurkaecYXa7_G_aQ9sQ3d4im7sWfXOg5ElBGPPPPnj5T0ygv-knKT2lAdUNWIVewR_ydto9JM2-2PDqEa37hUOufe0YGmtHOhSkWjoKgn042--gPsDil6ESvnzfSBW71Jqm7wDq4c-BRb6mdBvTUAiz92oR6g7zNcQdWT6uYUSfxHHC4UZkPgeHX0kAss7XvlYFuxOegxJDAePOyRbGxRbAs-gOZqMia3jEAQQuC31QxVeEjk52H6qbxUMy5dIVPRhbSYZ4VIKgG6iYEdg7soh4xX1uEXp8QusscPhRc0=w1414-h943-no\" alt=\"\"\/><figcaption class=\"wp-element-caption\">Jard\u00ed Bot\u00e0nic. Copenhaguen.<\/figcaption><\/figure>\n\n\n\n<figure class=\"wp-block-image\"><img decoding=\"async\" src=\"https:\/\/lh3.googleusercontent.com\/lQMuc213fCN8kMLiEtMSWEwO7JLLO8RWjgSFGj9ZlEFW-fv3qMpQGOvSxV0EaqQVwYy7qCMCFhppFVxI__kR9xUlqkTsZ0zp3uEYudSA4zUiytdNRa8tHkBezYsTBZGmOf2XXfc1Ksp9ZeJ4xvYxjx3lGeleA4GBtk8LRcrTXM_5EeEpLxEey4XtYeMo2sw0E7w0QvNVMDGokVdIzo6RVW_KCJ4btfUjxhkjqa6qvjnCpayQEKckUuBdPWsaiM_XKTfJKrZugzRVarTIuj2jzWxQJ2keavGcHhT4CtkvcsLFR5G-C2ZduDBgPd7_KBFjLXAO61SgjNn7VGKvSMnwb4c-01kSAnSBAXWzUmLD8wal8Nij0A_H-_fQ5fJXD-fGTsMfIZngoNTv1exri-l1Uj2M80SeYi6l_aqAbe76YqtHMragHlvb0QQiDn5Smy3hEb7yapPhdQTpXUYFwDnUzW68XGy1nwWA8F53wzP97vWd0HRyj7jHs_YzDRts2oC7wDkvt3o-7r-23iMGLe3NT3W76zyiVMuAwiALoYzWsnY44Kis6UkEvgaQMlgXSuexPzV77mF5btwU_c8Fsk8DmMsZDpKvkLduijBsEdrlaD9r23d_ePIR6N76mwbc-rZ8ND12x-8X29tcpmcvRR88HK27i-sMqdWSAHefW21pF2M_b5fXJt3hwP6J4UjyWUey4lZX_OhqxU4zBz3DExn2RCht-0NUiQgT-JfeIDTWPrVmex4=w1414-h943-no\" alt=\"\"\/><figcaption class=\"wp-element-caption\">Jard\u00ed Bot\u00e0nic. Copenhaguen.<\/figcaption><\/figure>\n\n\n\n<figure class=\"wp-block-image\"><img decoding=\"async\" src=\"https:\/\/lh3.googleusercontent.com\/5WK5WQ5b_yodITxbfmTbE0AThYaPO7YKMOuG5YYKVgdUq4YYpldk6wbkTbVktOw6TR6igbPr9UnXzyln0VOibbAxfg4r0rwRp3Q2Oanl6Rz107MScNdsAiRs2UU1U3-OYVJN4v5OInnJZt05u83jAEI5uww4wG5SDHXE_2tOYlEycXbHCMyA2tSXfqozhnSk-9t0mbyFBaTZyby_iuJpjFzXXSFXV9o28vIm1oKhq9oo71fIE7TiaY_SOtud6_Hz3ry95alNKEued7fTE-5PprkCqORoeEtI-QGcHiXl2NOwecqzLhmIaf0AktQSe8qstyJtXtgJTiiAbPIVH9GVoyJERYHC9CQYBhYfWJWWbsYNwXppNqJWqBrw5DSh7nrrWroplKG1YL953MQA3ZCRRUQI5PV5ouH_XYR5fPa_QHFcXK2Sim8XQLBykzlRl_KezqK4OK0AfwQDdlnqRuXR_Y588b1tuaYj0w9qThtsnL8ZF82FRsr2ri41yhb7QB3L6-kNUQLNyBLYgDQpmDAJN_9RIgFU_SZcnOhUMyv9WgKP_u7Zh0MjvzZG49Z87bUzAR8gX6d-02y7OXJDsRUN0AU5WbIJT9nRXiAdqS4-OoA0N8dbThMKjv3P9P7PF7L1CdqbhCzNcwU6KdBWmtKIKviUvSyEtfDOa-W_HdPSR24kVH-MwBAPGvi-kBLsnHlhSAqVymr9A5BVB1C048qK9OrdPRH0hBqXLJ3ZefV9Etq7Qhs=w630-h943-no\" alt=\"\"\/><figcaption class=\"wp-element-caption\">Jard\u00ed Bot\u00e0nic. Copenhaguen.<\/figcaption><\/figure>\n\n\n\n<p>A l&#8217;altra banda del Jard\u00ed Bot\u00e0nic podem veure uns altres jardins que pertanyen al <a href=\"http:\/\/bit.ly\/2q4jsCR\" target=\"_blank\" rel=\"noreferrer noopener\" aria-label=\"Palau de Rosenborg (opens in a new tab)\">Palau de Rosenborg<\/a>, que tamb\u00e9 \u00e9s molt maco tot i que nosaltres nom\u00e9s el vam veure per fora.<\/p>\n\n\n\n<figure class=\"wp-block-image\"><img decoding=\"async\" src=\"https:\/\/lh3.googleusercontent.com\/h9n89RfiGTPRROQM0RL_A9q4eLy726_loB6JDZqBrgsAgZCp_vegquyOJ5v_ZFlI7gCyBsrSm4K1b2zml2rRQ8RLva9epD34iD9MW8iN8j9V3v_hwX593fwfbahqxKgWmxkQnMB1bFcUdLaOvJFt7a_dj3zWpENyKisUvN-kaGnZHEG-DUH0cDNvnUFtoyR4aHler7yYVLzXRrm7NuVffP8k7xMXPq-TWj6NKUHVs-DwXCqFUbaLFqz2jJGYG7iaRk4awpOasP78q5Dz9OwiZljfdZYOlXzZo2yIhFxI3-o4Oon72NH1eQ8tDxfwYhzcMECpGt2ZQ0OX2Y7lu36sjjKuWRdfHktFQnT3GOUV4HzeRrIcOfD3ZoEcVmR4znUQBaoExn7BLZvU6Mn4IycysEURUjKyiDqgwqRNIeRO0pISvm7J7HI5wgKZnatU3S4scT7QUHEVtdxP5dKitZ3fcvoIwpEfwLyOsK5zFP-3vsldD5yhekedMFaIS28gfolnme3cpWR5GPurOjtBt1dxBPuSTJj31cwiUKQSoosu-QOjcmkdxHqGzH1v2dkSe2DRDDb3Z_3RifNf91YqbE-yPXTSi0IyxU90vW5tzpUFBjSjBSlK6Tse4Lof30nIdelHRAveV8JhpFRk0p7krYkJ5yMQp0RwG8642mf0a78vUmJJX2SAAE9ziHMowbHLxRvC1VbqyYCFqGKG45ynSWnW6QWYqVl-loF7c0PzNiebsRvl6zY=w1655-h943-no\" alt=\"\"\/><figcaption class=\"wp-element-caption\">Jardins del Palau de Rosenborg<\/figcaption><\/figure>\n\n\n\n<p>Despr\u00e9s enfilem cam\u00ed cap a la Catedral de Copenhaguen. Res a veure amb les catedrals europees m\u00e9s habituals, normalment g\u00f2tiques, renaixentistes o barroques, de fet no s&#8217;assembla gens per exemple a la de Barcelona. La de Copenhaguen \u00e9s molt austera tant per fora com per dins per\u00f2 no deixa de tenir atractiu, no \u00e9s gens recarregada i molt clara, a nosaltres ens va agradar molt.<\/p>\n\n\n\n<figure class=\"wp-block-image\"><img decoding=\"async\" src=\"https:\/\/lh3.googleusercontent.com\/dO8WoT3VR6Y2ItQ08NA3U-61iMeJYoj0AG3MTH8et-Nhz3t30UMscewQfXjqxXnVGMligPoaAt5lYsB8JHJ8lFi8LlIWt5yefsa9F5GCxKa2uxoN3DxbGBb8r1Kf99tVEQWH5WuGnoyt2SXOxEBgukZdBp2SeZEk5Ny0rBkL0HsJxX_JZxam4-ySLefJ3gNXNaxdgR4zfXSgk7iA9ZznCftfOJQJeWIZ6ZQ5ZsI83UeEIqkUqm_ll5Jy14hCNjGzorZMOahj8fdSsD1cb1YguaRgQvbFN-HszBsFZA9HF1osvV87eLt6TITMJAOxcDdZD4Lqu_6OoxHVwtoYx4ZB80oGlgH25_oc9q_8ll8dACpEZ_Q2V6x94hoMl9mN4x9aWE9LdtizQUhc8SomvrdguvG_nluGUSs2Zf5UoQIPz0uCri_XHORso0UYLJ0OOfroOVvWWgOC8gkoNqCgVxu1RvuVBSkuD6rttMnM0GgU1R1Gbr1G93Pqpf2TVLIbXBam7nh91Ja-UGF9eL3TZO_Y33GUYFvxgC9dJnSVDEXUvWSL1_W34WPSn04DDsZ_2ksO1Nf4O--vFJfgs0mbhEcmCkPGKo3xtgPP5b_FHspEmOFCZJkKtk08_LBW3GT4GFEI0CuN4_A7UsQec_1DMEZX_LwUXveJpti2P5-voURyj-5At45Cwg_DgDZiIcAWF0b7g51rogAR5jXQMoPcpHsY37FRefpb2A3RGtST2dOy1RCyh08=w1671-h943-no\" alt=\"\"\/><figcaption class=\"wp-element-caption\">Catedral de Copenhaguen<\/figcaption><\/figure>\n\n\n\n<figure class=\"wp-block-image\"><img decoding=\"async\" src=\"https:\/\/lh3.googleusercontent.com\/MIochGCfhrYcRQHLsuXdN95ffG462ZQ8yEfwl2DW7yLFvCTnXwmtxkMkIjuvLGlXkRqI_sYxxwg1YVmPnFZy0vuv2VM8qsJmnEab9_5G9M_BwOw_TF45FV-e7ewfYIwvjYp_Z3uUAT_7GokfLDSweCWA_VB8BIC1cICQPkUM3JCVVw95smcqL4Wj1g-rw0bUMxthOP_Sv2A4egrdp3fX6v0v5uzjVOEAI_0zgtOLQSsR4plSS2zpF0oVbo790QdHAPg9Nx0M70rsqj3xld2Hsg7FX56nUX50N5eL9IUrpP9nxHfUwsNMYH5zSwWgIeYoooNZ6chLsiRYuHK6zZju1wRdKz78lNqvxH-ziUnDxDufQQc_yzk-dj7GRMjKnlkEGYVfgCydw9lkZNSkIVVCupv6XiGNk-H4Kcxmt-smubm0FPZpQxEzXcKZf7IHpbxBse-_6-kXbWPSZRCneIAxEGKfjAHv_EJeBkHy7dykAklZgZ8Nbauy5QVe665t5jy7Gy-9WnZhi8RZ2JHH9U3mgrTPUt5acMDRqmgxYozjiqdPxdk_BCoylw60_mc9iUp2alRkrUOazo1ptJaggQOsZDpSZmKNRFDhl1DL_9Qb_LK0_pKBJHjU1dufXA4V2xPuGyVi1NEhbnLDiycdoYXY17h_qRA4vsj_zSgZiksSqUtyblKBMPf9KGFJo2ygH5w_lc9ldHSYACyto0WhcZiH6xUTf4RcR9cyI1kPcWUhzCGOaa4=w533-h943-no\" alt=\"\"\/><figcaption class=\"wp-element-caption\">Catedral de Copenhaguen<\/figcaption><\/figure>\n\n\n\n<figure class=\"wp-block-image\"><img decoding=\"async\" src=\"https:\/\/lh3.googleusercontent.com\/lnBZ6uLHkg5dmPn_xG3_7qP_t_kSF59BNQNqWY4slpPD0r662RdIH1o-4NJ_cTVwXOprFKvQN3GgOb378UjWnizyblh4SbCoQQB6N3SFmWkJfVwa0GVKXOJ7W22tgPObOqWxHT7c9eO2F9YIiSp0yV9tTQo03YyMl7GrnjTDY-HZbydt_7bJL40QHOZRfQvk0_HVFrUJLK8SqEaJ1svJmSz5VsclHbL_RSn5uqH3O0rgWqwPJP_boqP6bNpaq_HUNGuYK0WOJnPDIgGVrhw7Gb6nSWyyQzD3vfO-xaLv0zNmM3pLb7v0tNjelBqe7JuMA6G-orWhptNvclBQY0kPiznH599P1Ds1Xfuuv6Hx4_Fau8F_NDbfDBduRUzBameQ9ubEUm-m_y791CAkBaDL4kjWWewqoj0PrxyTWi7t1Vv9yIeK61o-lWLtZVqiconM1tmuhEdlmHMczGvoz8NE8S-bx_Bw4EYzExr8H1tZJjJlm253mt9oIfT9mUpCutCdFOVddj3RRxZD_PFQLUoj2eLGdwM23XLlQyGnnzZPvYKrH_YaA_GjUdMZel9XgGGnOzZiyhgr60dyJ2pB9SnaXIP8KwO70x8Ue0kw0IVnOKJZ48Ke-BleFafE5UuSzXgwokbgC7nMJM1TmK-_KeKGvnebJcQuFLE49L3BrkEHWePs7ii5EEi4SNO1zSBoTqqvJYXBiyO2u80sCzuUsR55TePrUvySimlx64p3a8rZ-QD1tZ4=w533-h943-no\" alt=\"\"\/><figcaption class=\"wp-element-caption\">Catedral de Copenhaguen<\/figcaption><\/figure>\n\n\n\n<p>Despr\u00e9s fem cap a l&#8217;<a rel=\"noreferrer noopener\" aria-label=\"Ajuntament de Copenhaguen (opens in a new tab)\" href=\"https:\/\/goo.gl\/maps\/wxTo91d6kQ6bo12BA\" target=\"_blank\">Ajuntament de Copenhaguen<\/a> ,una meravella d&#8217;edifici que te l&#8217;entrada per a cadires de rodes a l&#8217;avinguda Hans Christian Andersen Boulevard, ja veureu el s\u00edmbol universal de l&#8217;accessibilitat, us vindr\u00e0 a buscar el personal de seguretat i us acompanyar\u00e0 fins la planta noble en ascensor. La visita a l&#8217;Ajuntament la vam fer sobretot per veure el rellotge astron\u00f2mic i meteorol\u00f2gic creat per Jens Olsens. \u00c9s una preciositat de rellotge, molt ben conservat i que us encantar\u00e0. La ll\u00e0stima \u00e9s que per cadires de rodes l&#8217;espai NO \u00e9s accessible, t\u00e9 graons i no s&#8217;hi pot accedir. Tamb\u00e9 les portes d&#8217;acc\u00e9s a la sala s\u00f3n complicades de salvar. Al menys us deixem les imatges perqu\u00e8 veieu com n&#8217;\u00e9s de bonic.<\/p>\n\n\n\n<figure class=\"wp-block-image\"><img decoding=\"async\" src=\"https:\/\/lh3.googleusercontent.com\/6m9At4hCL0kZuVppU8dI9A7cZP4twr7L0rpe4e51zhGzfJSBBgn1SrZ9RUd2EzRXePHDzToOUIko727D_qhXfqj4Uviaz7BJsFUFmx4KukeGfLpos4e6y-PV8pu0XVrL-MTtMrg-E18miZ7JCVzql4miB4LdkyFuXp4CahyHcDQvFmQu4rzEBw-AZOsgpBRzwaGrcBs8ucrqzT7BtPoeKQy1l42TjKnjX3PzL29o_iSZyzOKuywUlqNVARS5-mI0UE5_vhAYFeeYbaeb-PJYtaRc3mzKkZdUzMPAAE_tpG1CBz83U8iEo0x7UXnK0urHZl4_7O7f80Ffl3zYuRJSxtduyQmMCW9_aC9vrIvg6Vx_Dwd-0Yx7JyfoITfd-11sr0MZCm8v18xAvq6tZUWnOG4GGPJ5l8IdFdQ1KNbp76AjEZK7xnIcbfshnNKlkBho7eawFGDIl7xaSIKwhIhfc554bwsgXQrGua2Bt5YxFLsJY-2cAahNukR69HIEHBUpXnTogO4xH_n_w4NHalQEeVq9egt3TYVGA7bVpy66TuOsvaAE6a-pemx6f4AzJX415rY93DMRfmE1W_R93kGP4o3kIOCRhPTZuzh1v7hp1XufJZf-KAh-ow_NcxZUI8uVywzZ0OSmIK0aAqYjvItiMDyQ_p8pp7_9SMxsAXWftCPALDbiAUWYwY5DUcDXq464DK_KW2lEBkxyCS-QK01_k0G5cJWFvlnUpZjM74kkn6KgBUE=w629-h943-no\" alt=\"\"\/><figcaption class=\"wp-element-caption\">Detall del rellotge de Jens Olsens<br><\/figcaption><\/figure>\n\n\n\n<figure class=\"wp-block-image\"><img decoding=\"async\" src=\"https:\/\/lh3.googleusercontent.com\/cXUJKxuOSAaN5dj8nQ0mmMDTOgxCAmnJy4SyJ7gtjNV67u06Id3hNNVqlbNt4czn0W8Dfh2cnZRiN4KuHWKBsY04lFHp_PXh8rqfHvnah62SqtoJ1cqbE-ephhsctOqW_khmbo_XA3IKvwwrwZT-nsUfyh6RFGgId7rK11N2wmSv0Fjmb-Prkxm5JVwYhSVXkTnxJKzeFymr63jOvMgDsHjo4po6nqCOWpaFi9LxyCdPM6nnGiBsQcMygbBUL-a-QAvAusyP99_YN8gv8m_1w9AxMricaSxRD9OR_LxwhmTnHbPVNeBFxsx74zpbcdYNghKxJFK-TFHLBZIRNfVrn556saKjOpI4QIfZWQwHRc8ZIw8eILmB2XiJsRtuWEqz_5cMmqS17iXbYi_oo62c9qKOorvvHqzkVZQgW_0JSINci1COCzB3S4iLBA0xNC026v6UnHb235yt7XIpdDgLmXSOQEiJsh1slrk5N2yjI9W27DztP4NQm0SC3PkJIAozwMEL9Jz5PPi0GS5tltUgDhb__PqORV1_3D6EB_naPTfEvlbYojzfZFgYQpHHz9QBoOhWKTGXiwC9HwtSA-C8k0iEPjI9sO3VzJzxJgTaP3fNv9Y8gTdjNUVIhLmyfQsLz0ifW0F6ZxClehs1vSZ3acHpUgtKFYn2ddJWfkNawx0jzpZFqjigNCNUHksRjM4wTBztHNWqc5dXYJOp79r9bqcHkprG55lInKSUriMZT3zY-9E=w630-h943-no\" alt=\"\"\/><figcaption class=\"wp-element-caption\">Detall del rellotge de Jens Olsens<br><\/figcaption><\/figure>\n\n\n\n<p>Un cop vist el rellotge, la resta dels espais de l&#8217;Ajuntament no representen cap problema de mobilitat. Gaudireu molt caminant i rodant per les dues plantes visitables.<\/p>\n\n\n\n<figure class=\"wp-block-image\"><img decoding=\"async\" src=\"https:\/\/lh3.googleusercontent.com\/WByD9Umdrfcr5malYvwZokc434Rfyv9qCJiQn0B3wBKuqhtm8BLaFSNCN5KYZvSxI4i9ITw3WIPYgvzK0u-Zg1Br_VkpofZjqAHSeLmfdKw3rokdM4PuYfYtAef10hOGV3623wgG7vlIBiZvkTvpjEKVGLVshwE5IwucDxuxGMeaQMds8oQKtTiGfHrFhBMXyGOu1MZPos_K_Mke7Kv1iP0kgx-rf9kz1ISiPrtnzILMb7leZ0UAnmKO0V_mjGlv5F0_0wMSx-5A0zMpCFQ8JtFcgebUibhKC50X2ZycNBgI0YZhEEAEmmENvjYUwfDUbirxwiCrvGO8t8j2n6YiS4AFsWefrSIbHPHDPpp8uERzVDaB1KltQS4G5GGC2FXltDG1lH4yhmhp9uk0LBh8LfPxHMWFPq_1qkC4M98ZNFYBGmNKOAPgxLhcD_UoNoK_vUPePz1SKMo6AfLc7PP8uoOknu5iSzsUV9wP-OYPDcdEZY18i1xXR81k_DS7_Y8zTlZYGMqwZDZ_qekio0PoordHbh1KyVoXvPEaGVMQQpUg7VVrKa4vVtgiV3pZW3yxv-NYXWnn_tQr2L8LieW2Bsu4sw1Lv5SNrgiO1isnJ9HlWN1TZPm4ap9MG6Fg9soyPoAkT3ujB2KB4FsO9KxGecufXJhpMz3SyMx_EGkmc-SN9PJW3Wo33rO5NbZDf10rwjG1TEjYAcmyirRWgw_BsDSDeVl7XVuhA9yCRNxQ9UEn1mQ=w533-h943-no\" alt=\"\"\/><figcaption class=\"wp-element-caption\">Ajuntament de Copenhaguen<\/figcaption><\/figure>\n\n\n\n<figure class=\"wp-block-image\"><img decoding=\"async\" src=\"https:\/\/lh3.googleusercontent.com\/8Fqm5Ns8on8DOJlMySzfv05bSHIs1tam0VSWE6L92a-bWXk-n51CL0t7gv3A0Ra4BwnrlchoipIso8wRIlsMHyiHrIaFgFQr4BYatBfxvjUoyk1pMv1DDxpbGH21HGHNNrlqpcOBoemniQ8XQaBIjxdCu0cpAVyXCtYLgwqaM6-JtEx8aCvccNN4PlyY9b6chSYaQ4W4DK7vLLGYHSYbCbe_Ma5hChNsIkNc_AUuVX_BBXRubEYIaC2b4kVahHqCQSO80h4hTQWJZ5IjOqGt2Y289qcmTsJDN783qnTBIqBjUkqAjT1XaHBu9EXKzKMnqDyljOhz7S1EIZ_E2CINEksdpd2t-Qn15wjfZ4w8Bme9JvGNvW9RDGs-b6CdovmgK-tR6yMeYDdOSS461tujPQdnt-9Odc_Nv0TaWnMoTmYK2rKb-ZrUClgZwOR6yk1WfJyebO7ufekdEKCYIS8LROAiSYuHhFaMS01S2XfSbf0Vq78GNzH2142-87Uu4Xn5gBmxRaZiK0iTUj7dJjPD-XMsFPRr0ajzL2mO2e_43GkaIzWDj1MlMa4fkScyxrqKmQNmxQ2w6um1dRgWC8XUcvcsULlWsovvZqXec11IjS8TrxsPeRqg4frU8mNSpIS6FxJ6UIsn4XcVhVxmrf87fCetdiusuj2RNiGiWzHPH1Mhew059YQhjerwy69bFx7_EgFSg4A_2EF4pZYKq-kSauYQu2UmtNypYQ63Wvl8mnKHpWM=w533-h943-no\" alt=\"\"\/><figcaption class=\"wp-element-caption\">Detall d&#8217;una de les plantes de l&#8217;Ajuntament de Copenhaguen<\/figcaption><\/figure>\n\n\n\n<p>Al dia seg\u00fcent ens anem a passejar i visitar Norrebro, el jard\u00ed cementiri i l&#8217;altra banda dels canals, els que estan a vora de la biblioteca, coneguda com <a rel=\"noreferrer noopener\" aria-label=\"The Black Diamond. (opens in a new tab)\" href=\"http:\/\/www.kb.dk\/en\/index.html\" target=\"_blank\">The Black Diamond.<\/a> , t\u00e9 ascensor. I al costat de la biblioteca tamb\u00e9 podrem veure l&#8217;impressionant i modern edifici del <a rel=\"noreferrer noopener\" aria-label=\"Danish Architecture Centre (opens in a new tab)\" href=\"https:\/\/goo.gl\/maps\/n1m9W8HdDFFLCdp3A\" target=\"_blank\">Danish Architecture Centre<\/a><\/p>\n\n\n\n<figure class=\"wp-block-image\"><img decoding=\"async\" src=\"https:\/\/lh3.googleusercontent.com\/1rjo5PK_48OBkmhZycHDUnKomxCJ8UsWvv6REiXro-HXUZL9GTgXKsqI5GEW7LEVWVlV3ppy--6TC6tbwhiIcRgeph7ef8gUuk3gELx4PK07mOC1o2y-GMpU1MMEImf7qbnEmZaricaELUAukYAFb785wG13oelaPfkDXnGwBjUV7cqlw6DtiE5eajjwjTjZPg4isFi8slRkKlu7AiP3797ycAuUO9--iSMIRUpn-5y5JrJwTzSzjmyfCJpoyRx8cms239LWBnYNMS5hox6z9qt87qKNzi1z6uBLNYfVgpaLaTf7vrxvouI2nFd_-7exykK9tXYg2wdW8yrJVWUCz32VQwL3V2eTBqb5N6GSrYX0BQeKenPd8xEShF1u1899XeZ7IAradwajAGNDYWVU7OgMD2vVuO5HkqZoUh_-AtV9SMeLIDNGEFEOTQuCbNFj6aJpWbHdI17hrrUSUiA_kvD9B4DD0tnfQ12xgpZOf82oBhWICXSadWUpnUFpbAKTQWGoXcZU9YdBa0_HSaOX1VJqk2yYOCbo1Xf31PTlHxT4hcjtr-fsyUQdnPjjmKhDSbfgz2APSSeN_BZA-kSwkHURfjMauy2R76LeA7-zglR2PI_eZbqLJ5W792UgZO9mCsYjvsZLSBVcS9-S-ZIzI2stKncAew8gWmlQBY4pS_iSPcjJxydc5zAhrhM8gTmNdfJ-Swp8iRoGElnMHRj5Nf0g8_4sxoLh--1cvJ94WJQHiTQ=w1671-h943-no\" alt=\"\"\/><figcaption class=\"wp-element-caption\">The Black Diamond, biblioteca<\/figcaption><\/figure>\n\n\n\n<p><\/p>\n\n\n\n<figure class=\"wp-block-image\"><img decoding=\"async\" src=\"https:\/\/lh3.googleusercontent.com\/hM8_UwyPna4PDVDwfnnoemsKr5Jgct6Om0jSz_o0jNe5jpfUaZEMqN0X4WJtT26HPUzvcJOexnXqs_HtngMbHI6VnckMtKII_OHqswOdA5NWR-pCFBSEJzcEukUd-mG-JkVcmfRkVj-mY668qJzsZqM_IuQy5jDNK1reQq1semOwXUFAg50nByiGpSb-hpGPO00b9K_nBI02Fn_e2SgqRM78wxGeix8-ULEBTYCqRxo1wCt9F9e04lXBlJYjrIZbY0gDUIuMcFmEXZHCDxK6mQIKfU8t-XimCwaH1PU_Gah4R6a068yct1a_6KOnE8zP-_BEqpG2voCuNN7jT_rQ4Efm44KQ8EicyxPU2UZgpL1x-pq-YizwRBjLsp1ajI53nbYbOMn1Cfb2P4G-cpc0DJXMSfm0wZ9LHxauaPQKBWIcojK0jUt_hnSWTP58c2WvfJLDHmkTcShYmTHiycF19gr_8AN6mVkaFtKgy7BP_SaftAt0V4CQqtW86RV8Z1MMxUSnTgQ44OA6o1bi4yf7B7JRpLjZ_jxTI4CjR1ZSku6wjA_l1Hga5BW2ZVLfECC3bC3PTGGjS4VhWGJwOnSztfWlMEy3aRe16dUuXf5elVz-hCUAFLQcO4t9DrAypSf6wUQsyI583H3sdYDkJTXP2XjvKw1b4ZvmEwAPd065yF0cXbqrJnLhPMQAvSr8QnPHbAn-YGUkwsHxM8iYUqPGyKlrbtcBcztfbkKu5_FUCAXfGVk=w1671-h943-no\" alt=\"\"\/><figcaption class=\"wp-element-caption\">Entrada a la biblioteca The Black Diamond<\/figcaption><\/figure>\n\n\n\n<figure class=\"wp-block-image\"><img decoding=\"async\" src=\"https:\/\/lh3.googleusercontent.com\/vHupF_426iZ6QhFUaikTA7AUObNYTduadLFxyFXpHHJzz0ECmN7i-5wc6TEd0qCC2QClwKU3mKs-HPsC_3QtpFOrm1sLtW2y3W7YhmJ0S8zvBZROp5XlIEi-gzJCrTx7qKR6cFvgAlU2KXM-bapr_xGRINNaPr95U94nzAeDlkP7AEdv6gTaT598x9JfGUZekDNtFGm1Uij9NfhdtCpRXCe0hEiE_veOtVzUR5cMz30RWtp52xt1zy6zKjCXdH3s1Q7Rs4JD4dQwKNHRpMKb5cg3wgJJgKPUy66wuB1hwQHDBUyoHiJtoWKladEpRWVUALb03AkC5MpVSo5mYyNUpzNgkWbSEWK2OkudIGCXibu11_jc9_odQWBJtCvSBj4kNcwGbAtu6HLGWjIYQhS3bNaF1qHLsrZu1IBq7B57eCqvTsvQiIlo_iJ0-GmT0TiKiSsA3NY6CAjdDc7H_y3qAFaUZZ4iwQBTCmvV31K5qSTPlpl8MCDylyGxoZpBqBlsvIxPtN4a5ztnlHBdMtfHXsRTt1gLjicHAUjivpUziqdnh7tpVmJF2BO5WJfKi0G3EV1yS1fLBSztn0arZEbj4q1TSjXKbcMEnsx7WbkN2nDFeQ38PIBWr9meZ0Ymo1IXtH_nxLWGB3x1169eSa4ARxU_M9n-RTLphaE-nht2sV7oSJBh36dEXv3hfiXIoMUEi8I0aXrHHOa18Kk1t-7Zb2uFqvrdRouGC-V8MxvWSv5UA80=w1414-h943-no\" alt=\"\"\/><figcaption class=\"wp-element-caption\">Tne Danish Architecture Centre<\/figcaption><\/figure>\n\n\n\n<p>El barri de Norrebro, segons hem llegit a les guies d&#8217;informaci\u00f3 tur\u00edstica, ha fet un gran canvi. Actualment \u00e9s un barri multicultural, alternatiu, modern, que enamora per la combinaci\u00f3 diferent de botigues, bars, restaurants, cultures&#8230; Baixem del metro a la parada del mateix nom, i agafem l&#8217;avinguda principal de barri, Norrebrogade. La recomanaci\u00f3 de les guies de turisme es passejar per la zona m\u00e9s comercial on trobarem botigues i espais d&#8217;artesans, de moda i complements, just abans d&#8217;entrar a un parc cementiri,  l&#8217; <a rel=\"noreferrer noopener\" aria-label=\"Assistens Cemetery, (opens in a new tab)\" href=\"https:\/\/goo.gl\/maps\/JmAbGzoV42qDvyxYA\" target=\"_blank\">Assistens Cemetery,<\/a> una preciositat completament diferent als cementiris de casa nostra. La gent hi fa esport, hi passeja, els nens hi juguen&#8230;en un ambient alegre i relaxat. Hi podeu visitar la tomba de Hans Christian Andersen.<\/p>\n\n\n\n<figure class=\"wp-block-image\"><img decoding=\"async\" src=\"https:\/\/lh3.googleusercontent.com\/_1S-6gARpAlRcIbIblscCzYVPUSxBOyEw_LYQN8kuHnzPRhdkKgNr9Mv1XQzWmzO2-vSfZzDDtLDksxNAPxXbIPRqkzAjPWxkJveq_GAx5FBQsmfrYWY5oPIpoM45GVDvZTWPR9cIW_avwijM8XZ0OL2lFNAw6ESugOA4Xo7pEP30ftkxrs5M9913rTdLyMo22yVFbAI4ADoTV5yrlZvp4ZMnem9XIefRI_lOR7PZUY8cF-RlBjckdBESl7NorsXWSpNQrleU-oiFzVjNooQjzv6qDkPK3rIYNDsrWL86G_zA-JLpdag9yeusdyVm7aLjZ-buJzHTMDZML4vHeBFjtaUprLfGGwxcg9bIbgKoPb6UK_rMNpss9OqGnh2LFM7IUWMrqr1iXbC3hNC4PY9vyIVrI20UsvKmyFphIw2_JDm2j_CUTLJjTiVYns-ATr097qexVb6UKlT4bqp2dTm2Eb796SsdvFetfo8Ynpi5IfdQH5jzL4crUD6JdS2wnCIzrbVr37WT_xO4xkEiiEIkHxCrfiT1kN9twsC4CW-CUkb1kUEiGs4EvziR0c4rHZgWJwf3T198n4pzceAoHCgYa3C7RObkgW8mDHpM2gq-H-IuzC38mzLrZrPVkwGDQBzGVTi7vWwddqU1TpB5JnE66dB5SfbDl2GXWRNq6kM8I0SxEimr0iX67nIxFZug_ti1cEpq8ogaAXHFXsBzSBDRbW5zKaFy01b7iuFW_C6moGaoGw=w1670-h943-no\" alt=\"\"\/><figcaption class=\"wp-element-caption\">Norrebrogade, barri de Norrebro<\/figcaption><\/figure>\n\n\n\n<figure class=\"wp-block-image\"><img decoding=\"async\" src=\"https:\/\/lh3.googleusercontent.com\/dFMIjdFq_2XEe179wgZzlaz8przyOnmfGZw0K3wWXwagexuQp7oRCVcJXZlsea8HXSlj55ol4jXGnqEJKJ7wm3bMUQGI5dEw2GRQj7gonTU-kyAHuBwuK2-dazo4EZ_mHacJ-81BciYWEdeUpx-rAF7m47SZ9SXoKlZ_UWBd3M9vWAR7EVk6wyMpiS31u5HSwDBaB41nUISSQ9Z2NWG7S4eIH9wTd2HrzqAQSV7HABHyrdUFL_AYW1ryj7bI3jPL9xyjmUrRegHxOpuGkiZ8qUJ9xgaGKZ-vbTNZkr9r6Etb4SMYmrBumpKoz27zJ5EF2cEe5IFiQQvRXCkNKp5xYdNN1tqgRW_kXeqd8eBO_eQPgglOO7lH8Md-Lkse582WBExKbGoltRrDTlt14ok8BaHOyKuaRIlsAE2eOHaQMVLdudojOzTg7XeVKstKlwOcZGQWzSD0qqGBa89-5AYfyTS9Np2psoiwvezZK6S-R3e6OSfdfgdCMWoYp2lC6d-E3dwFsQduYHvv9oRex0qKqsHzmZ3srXAFpG1SgoMNLwyCSRXkJaWZw3Xf_alUkwMZKRCS-_neMb3kQdOQHLwkSqO-gqtda75_rtOtH242KMeS5-lBj69n-KYNr_H5_TDbKN7krkoSwjID86wIEa2SN9BvbXs0oQ03n9gcwRouhITkCvqVTOynLicClQ7k7xLbI6mMfqkKnXZdksAl9cIU-S8zHu9WS5l47cgA0xou1DBKgt0=w1442-h943-no\" alt=\"\"\/><figcaption class=\"wp-element-caption\">Aspecte del Barri de Norrebro a la tardor<\/figcaption><\/figure>\n\n\n\n<figure class=\"wp-block-image\"><img decoding=\"async\" src=\"https:\/\/lh3.googleusercontent.com\/9AMJLoXnYxIeBJtfuRkHTWd06Wv_NvqJ1nKykVd5BDGPsy3m6E610wBOcteEFq9eLksaA5fEVABtBTH20AEC0gyKoXygUmG2YldHmNmjlI6jhqbZmPwajnCOkcRKJfmQRFkMHn04mUplKb7pevOOIkEmQ8hH76pHvANGvjhhGzZhd8ctBKPpRXAhvGWqYtlSHr1o2WHGStiYXGyLAaydAWx9wW_c7Z6aEcTybxLTs7_EdTbWu2eaTa3d4xPVBehAX6mvT25JiVM2uogSKO1N0myV0EKWHZfREl77CbVd6tCLIUQTPuJvIaphSY2rgjpUZqYfV7rEoi3fTec2RkBW_LpcB2dAyLrEQoMzWNTu0GbeimZ5vQkyhcZ_EjAW-bT8iVoSaO6C2D5GPjyrfQLcP0DrwTU1izqZUKS9daOkPcDWqkoGiGk-bI9mNBE90a11c5CpgNQq1CVb7nKPDKuyQ6iJGctl0eH__xAEee-3u_uZtOsJnxUT3zNyYbdX9UIJdzyRq7PcDiQ9AC5ib0cRqYmgcNC6CdawsL_ItjLtMcvugizGQndc2Uy9nEmHUJvdSeNXBm0KeCFZ7FHofMN3jl3Vz_PwrYScxt-aFoGwHJ3lTxe0V0Mz1BpnyBPTzhIIWwz9MZBzUuNZnquZxSf8Fkamyp8FVcf1v4kSusQjGvNNrezrBPjZQhtYdLZYvXuAwIRyH0TwnDk54RgnVq_gLicnHVk89IkMvk_ifAiINlO7Q-U=w531-h943-no\" alt=\"\"\/><\/figure>\n\n\n\n<figure class=\"wp-block-image\"><img decoding=\"async\" src=\"https:\/\/lh3.googleusercontent.com\/8ue4ghUbjAdQw-nPpq800cOMHVtdjGBFZpiZNL912WPVA0dmRc4r8cmloVrnnmWaSCpPnrC50dxtVs84zhgy_ycKR0s9NvxyXcQ-LX94dIbvzfwxeiI1B7z1hfs-qzAl_vNv6KYvFQIFA7FjkJYjyPW0rW2Wl5MDmQb8lUo-LL4GYzOP_W81hgf2zW5nrO7kbFfsKNkycdkbx9o8Vc-wCiU6nCdbAGI0nGbuKqJ1ZoFjw0znL3kdVPOEt5oWnps710Ukae5Psocb4Byhw4E9XERkOxtk1Z0hjCQcnO1ky2ZhyknwbSRRISgjplLVVZxmztpkvybRy1z7hkgVSkTCYJw4RoXfiKD934kMcPzyCeWLtga8HVvsC3SSa1tWr_vn-IQ7FvZarFePvzDRcJZWq_yVdi7n8D4ZX4ApMcw8kmifXY2acScQC9Blt37BkrWwWkxq6LUcMjrx7LXPi9q4W0_ausr5bN4yaGQz_dSvKnBhj5jeFo39uuM_mm4kzOVY0KblAYehElm8NJoJh9ASbfBQEgvc5AiEVzGP7s9qypKMwtJNCqDssr8lF9fZs5oWeHdMazGfUdneFeKfTHCsVXK4JbBJhHLQys1AKFCBED9bddSkblRLKLyin0JgtxoVCstBQUSeh0IswqZMAWMsgB-pBrXSN5lWdE4XfMGjiR4wqGIG-BMawd9JBoiSW7uXzKBP7zYpL0dd8MwlarBhrAN2qFqxktAJ-8LamB-y-516L6M=w629-h943-no\" alt=\"\"\/><figcaption class=\"wp-element-caption\">Entrada al Assistens Cemetery<\/figcaption><\/figure>\n\n\n\n<figure class=\"wp-block-image\"><img decoding=\"async\" src=\"https:\/\/lh3.googleusercontent.com\/Fa_MiDdPqdHSqCBsy8gNeGlzIIaonu2Nr-2_DAmC6OqGGB3pBETDTXpgnit9Qg7wyuiNB8EXI-1wWU5mn0SCVW7XRCtFHIOFp0xbgqbbhOkMxB8WpY9uzCzw1zxgeBaH5Jd6lzDGBw4N0p4hNwPS98LcF54rzcj7tsChIBOBJA653kGulmLW-M_lzsqX0jtZ-i-HpkgcjjLU2BL9Ix-CaWU6Nm2YHq7Fk_wR7aNPlGjiPAb1i4MT4deX8QbBWOvM0m9-pFNvOpQS4WQa3CqY-wMYsYmX_05GeCDFR-TOGX8HNgUKcWkLvWRIBabYfiSOSHWuCG3dcXpnM3BYeVqfBBvwPBXMqb0zr7RsAEgP2M6JwVLBMvW9NlA8I7dvp6VTxHFmpIy---EGWDkH1bHL1a4rOwP__7TyUMUgXnYNXY-KIroRWtFHs2TOlCTbWPXkOy1UbiZUkZprnGH0sLFfjfXnHkbPFRXNOeXnR3nXy15MZN6X6emPw0nL78sJPYrXgdt8ceZoBVSIhEaG10b-r6RzK8pnMJPEl7XwlR9P-iV2gvYYrjiT4b2F15CJ9qVCOgBShUDacSJM2lxg8s-5va5W5qgjS3z3UCrS2_mLJuf9yakWpE9OwGpSZfv-_oujsosyYhy6fqeblW0mDGgKOs1xena3SldWOLuXNMN3PnlQTJDCCT1GoJhqN7qFOHKDQWNTYBz_6OdfYKOs5jtmdsqqhj6X8X1-rKkC_wUFhBIhA7g=w1671-h943-no\" alt=\"\"\/><figcaption class=\"wp-element-caption\">Assistens Cemetery<\/figcaption><\/figure>\n\n\n\n<p>El dia abans a la nostre tornada cap a Barcelona ens vam trobar un mercat molt semblant als de casa nostra, amb parades exteriors i interiors, en dues &#8220;naus&#8221; tancades, una per botigues i l&#8217;altra per a restaurants, bars i espais de degustaci\u00f3. l&#8217;adre\u00e7a del mercat es al carrer <a rel=\"noreferrer noopener\" aria-label=\"Frederiksborggade 21 (opens in a new tab)\" href=\"https:\/\/goo.gl\/maps\/cCnPtgE412fxKVZv6\" target=\"_blank\">Frederiksborggade 21<\/a>, on trobareu molts espais de degustaci\u00f3, caf\u00e9s, gelats, dol\u00e7os&#8230;, tot en un ambient molt entranyable. En uns dels bars, hi ha un lavabo adaptat, \u00e9s baixa per un ascensor i \u00e9s entrada lliure. Pregunteu perqu\u00e8 us ho indiquin, ja que els r\u00e8tols ho indiquen per\u00f2 \u00e9s un xic dificil trobar-lo. Est\u00e0 a l&#8217;exterior del mercat.<\/p>\n\n\n\n<figure class=\"wp-block-image\"><img decoding=\"async\" src=\"https:\/\/lh3.googleusercontent.com\/1SRfPU4bBrZ85_maf44gwW44d_6GRIJxq1XZ8a8ApIG6O5q6zCSs8N5kuvRDawJ4IylJbGD2kAL9KuAU23YYfkHf5Qew5C03CQWMgDWpUPryGl3q1Lqu0rIqf0vs31sroRgiSwja9jxecRL0UoXVSotEHQLpg0MUVwJlqnDF_5rIwe-jh6OeMKXSLtGxOOhFiZX97Vy8KHcf42_6Cfv-t7Of4Y-Xyz3YcZJnc7g3ocyDKhKck1pGHBILEMCXK7VaHL3VXJ2xqzCwrdCPvXlF_4V9iND2ubdn_FVKAnKyh0CedNvwcrHBdG2vaGHIhyxERwCp7vDEUWbAYdC2eE3EKOttnMu-Mg_D8rCbhYrCetwllKJBdtWaDmFX_dXi21wcHbwymNR0friEa9JkwhrKmFX7a4ac_FOoE3K3iNKmb7Z22KenprH9Fu2JCqGPgTN3qFJFo1OiN_JZg5yKtKM0ptuipaJEoCTAScs_rmieyQS56sV10ZGOa3PLMfulkI4eviEK2S3aRAzBpws9AITerOYAQLOhLucC-8Wh5rualomkzxiXYj_9Kt3KgTbI0orwMQsxu6Q3crAD9EDW1cYnYQzXg5KioYgGWb4rRa3RqGox9RjHL21EnP8IKiA2KwH2ygntpYu3Tj_eM_gj_6jN1j9QBWOMF0YLZ52NmpGa66cuKX6Q0gc80sMOmaThYv1V1cSehTI788FzMqvegU__9yfm1unajt90IgGHT1H4MW1QVhU=w1749-h943-no\" alt=\"\"\/><\/figure>\n\n\n\n<figure class=\"wp-block-image\"><img decoding=\"async\" src=\"https:\/\/lh3.googleusercontent.com\/KJdxqb9J2ytSXu41CZAU6_n_QueMO3IZK8r8C9fn4cpDjGLKGzX_ByWuurZcU82y9W9g10riSY6U0lNm3o0Hzx4wuVQrDirU6_bwg84zingMfoAGQAI1hidZJ2WxL5tbc3FVaNzNWS-VROOEn7_TFT2GU-8uaUR7Jwxr621yGMJ-nhCC8FPeY5E_uWXp6Y9xH2g7B87Jm8CeS8CAmp2XQ2k_-DfzirJSY9HXh1Nrr9xGnqu8I1pdvm6U2eT_X3LXyn3IKlgfWZdPSfaCpKagyz1Awr_RwbdYX0GpfX7Pda6HzOOTIKwc0UXXG4CI4uRqbOWRs96OmHueyTxIA0gNDkNT4TYkQmBa89igybLJyJBvqwkwAB0xqGJJfPZdy0UIIQJvGSJ4lCj9TZmYJ_a03AW7jOBTwCJqbuwhbk33c8XoWVzSQNT-NBAUuzcNnz4aheSvrROGZ51Guzy79fIbJ6LrXjL_ckdcotLKbjp4d1DZn_DUDGHtrNPeNaqnLN0TTkVEFRTmYf8RBiqATbY9O3fENrKRj7x424PHaIl0CAdMV0qEWbfgRiTry9zj3SxCXjJEXrr5ZdCwSg2HyMSbEkwu6rrTeJwHdZl6l96j2llmKq6ri5SXgHeK3SK44S32ymF4azJS1DXHuEkyBI5ceKMw_m9XH8bnp1dKTbtf5PstEvU7CQnUSwCFWPqz8upwLh1fy47B3oew9nNKNwjEjThKlaRWQO8xLREegGID245IGj4=w1321-h943-no\" alt=\"\"\/><\/figure>\n\n\n\n<figure class=\"wp-block-image\"><img decoding=\"async\" src=\"https:\/\/lh3.googleusercontent.com\/5pGQgVEIMcKd5ba_HPPq0HLyArGscjk9q8HErh6ztrnSNTflRl5qJ6B7tEUR-n_-VtNdCBQ-7Wo9ieI3eoKb2ZEph4yDMNlbYoui0FnnjlsLp4PNaJfNvdyjI2SRE27jwAGSqSjaDKINy7sONu89dzdD_YKxV9X5TCOFicGuHWYQ56CaH5RliY6nC-mux79sXCqkgyKQyBeK3tTxnlmFnptUh9ySfl-vw9oqenFhwKkwqmItB19cBnpODvSqCmfSNjJlM8nw7I1Ju5eZgnkIgeAM7TRm1d7YGAJla44P6FhkzAGTy1-eHugpE6NOC4czkG3ochHeheqanv2JrPAj8GfdK7XNarw-cMFazlCtBak0b-cqPKQZkIbU49pp7dHEsFqnFccYfOZ-CnVCBqHaDkchPfaz3Wnvgux9wguyK1L6_1Ix_aIQoApEpkzIQK_HF7sTFqCMR3Xc9ARc0UoJfz2EazlCYpsxBMyLduXdGNvJ28FQl9GEM7AYM9yTohzoLU2A_Js4H4dsopiJQMJOQUTz4f3JCcK0ceHkjeGCHl6nWDClBTBXdaK9nQhDj3ZdQCqMkQrksIHv-Qa6ZQaASzlfKrqwQfSGgd5zjWBa28r0hbyNs87LLMxb2KmrxtnHmmY24VWPRdfw-lDCTxFIgQPYghDsZfNT0ph_3Kd7FzNLfSSeFlQHL5kyNyaC2GxRNNoycgBugPqYMZqrpkICV7r94i2Rp9jcCbtjWAOjwKICxOI=w1671-h943-no\" alt=\"\"\/><\/figure>\n\n\n\n<p>I fins aqui les explicacions el nostre viatge a Copenhague. Esperem que us encoratgi a visitar aquesta preciosa ciutat. Nosaltres esperem en un futur tornar a visitar-la de nou m\u00e9s a fons.<\/p>\n","protected":false},"excerpt":{"rendered":"<p>Mapa Dificultat de la ruta: f\u00e0cil. Copenhague, o Kobenvhan en dan\u00e8s, \u00e9s la capital de Dinamarca, una ciutat moderna, molt planera i sense desnivells; per aquest motiu \u00e9s una ciutat for\u00e7a accessible per a persones usu\u00e0ries de cadira de rodes o que tinguin dificultats de mobilitat. El transport ideal per a circular-hi \u00e9s la bicicleta [&hellip;]<\/p>\n","protected":false},"author":1,"featured_media":17652,"comment_status":"open","ping_status":"open","sticky":false,"template":"","format":"standard","meta":{"footnotes":""},"categories":[413,414,412,3],"tags":[16,416,415,419,417,418],"class_list":["post-17548","post","type-post","status-publish","format-standard","has-post-thumbnail","hentry","category-copenhaguen","category-denmark","category-europe","category-turisme","tag-cadires-de-rodes","tag-copenhaguen","tag-denmark","tag-dinamarca","tag-europe","tag-viatges-sense-barreres"],"_links":{"self":[{"href":"https:\/\/www.turismefacil.org\/index.php?rest_route=\/wp\/v2\/posts\/17548","targetHints":{"allow":["GET"]}}],"collection":[{"href":"https:\/\/www.turismefacil.org\/index.php?rest_route=\/wp\/v2\/posts"}],"about":[{"href":"https:\/\/www.turismefacil.org\/index.php?rest_route=\/wp\/v2\/types\/post"}],"author":[{"embeddable":true,"href":"https:\/\/www.turismefacil.org\/index.php?rest_route=\/wp\/v2\/users\/1"}],"replies":[{"embeddable":true,"href":"https:\/\/www.turismefacil.org\/index.php?rest_route=%2Fwp%2Fv2%2Fcomments&post=17548"}],"version-history":[{"count":104,"href":"https:\/\/www.turismefacil.org\/index.php?rest_route=\/wp\/v2\/posts\/17548\/revisions"}],"predecessor-version":[{"id":18230,"href":"https:\/\/www.turismefacil.org\/index.php?rest_route=\/wp\/v2\/posts\/17548\/revisions\/18230"}],"wp:featuredmedia":[{"embeddable":true,"href":"https:\/\/www.turismefacil.org\/index.php?rest_route=\/wp\/v2\/media\/17652"}],"wp:attachment":[{"href":"https:\/\/www.turismefacil.org\/index.php?rest_route=%2Fwp%2Fv2%2Fmedia&parent=17548"}],"wp:term":[{"taxonomy":"category","embeddable":true,"href":"https:\/\/www.turismefacil.org\/index.php?rest_route=%2Fwp%2Fv2%2Fcategories&post=17548"},{"taxonomy":"post_tag","embeddable":true,"href":"https:\/\/www.turismefacil.org\/index.php?rest_route=%2Fwp%2Fv2%2Ftags&post=17548"}],"curies":[{"name":"wp","href":"https:\/\/api.w.org\/{rel}","templated":true}]}}