{"id":18072,"date":"2023-09-18T11:05:00","date_gmt":"2023-09-18T10:05:00","guid":{"rendered":"https:\/\/www.turismefacil.org\/?p=18072"},"modified":"2023-09-18T11:21:31","modified_gmt":"2023-09-18T10:21:31","slug":"montpellier-antic-i-modern","status":"publish","type":"post","link":"https:\/\/www.turismefacil.org\/?p=18072","title":{"rendered":"Montpellier, antic i modern"},"content":{"rendered":"\n<p><\/p>\n\n\n\n<p>Veurem hist\u00f2ria, antiga i contempor\u00e0nia des dels seus carrers, places i i vil.les. Al ser una ciutat de tamany mitj\u00e0 no tindrem problemes per despla\u00e7ar-nos. \u00c9s coneguda especialment per la seva important xarxa de tramvies ja que hi ha quatre l\u00ednies que et porten a tot arreu, totalment accessibles amb cadira de rodes i cotxets de nen, ja que les parades s\u00f3n a nivell i dins del vag\u00f3 hi ha un espai espec\u00edfic. <\/p>\n\n\n\n<p class=\"has-text-align-left has-black-color has-white-background-color has-text-color has-background\">Nosaltres ens hem allotjat a l&#8217;hotel <a rel=\"noreferrer noopener\" href=\"https:\/\/all.accor.com\/hotel\/1294\/index.es.shtml?utm_campaign=seo+maps&amp;utm_medium=seo+maps&amp;utm_source=google+Maps\" target=\"_blank\">&nbsp;La Pl\u00e9iade Montpellier Centre<\/a>, un establiment amb una habitaci\u00f3 accessible bastant gran i amb lavabo adaptat (wc amb barres, dutxa a cota 0 amb seient collat a la paret). El mirall del lavabo \u00e9s massa alt, per\u00f2 a fora n&#8217;hi ha un altre de gran on et pots veure de cos sencer. No hi ha problemes per accedir al bar ni a la piscina de la vuitena planta tot i que no t\u00e9 cap sistema d&#8217;ajuda per entrar a l&#8217;aigua. L&#8217;hotel \u00e9s for\u00e7a modern i tranquil, i t\u00e9 servei d&#8217;aparcament (de pagament).<\/p>\n\n\n\n<p class=\"has-text-align-left has-black-color has-white-background-color has-text-color has-background\">Vam fer aquesta tria perqu\u00e8 \u00e9s a prop de la Place de la Com\u00e9die, al centre de la ciutat (que nom\u00e9s \u00e9s per a vianants).<br>La nostra recomanaci\u00f3 \u00e9s que us perdeu pels carrers de la zona antiga i gaudireu de l&#8217;ambient. <\/p>\n\n\n\n<p class=\"has-text-align-left has-black-color has-white-background-color has-text-color has-background\">El problema que vam trobar \u00e9s l&#8217;escassa adaptaci\u00f3 dels espais de restauraci\u00f3 i de les botigues en general. Gaireb\u00e9 a totes les entrades dels establiments hi ha un gra\u00f3 o dos, i buscar un wc accessible \u00e9s molt problem\u00e0tic. Nom\u00e9s vam poder fer servir un servei p\u00fablic de carrer.<\/p>\n\n\n\n<p>Sort que hi ha terrasses i al ser estiu hem pogut estar a les taules d&#8217;exterior.<\/p>\n\n\n\n<p>La Place de la Comedie \u00e9s el centre de la ciutat i un dels punts m\u00e9s importants.<\/p>\n\n\n\n<figure class=\"wp-block-image size-large\"><img decoding=\"async\" src=\"https:\/\/lh3.googleusercontent.com\/pw\/AIL4fc9SfDPzxifCsYr_tKI0ACnksYNTY3rXoCKY-JV2v4fIm24dcVbsijhCMQ3_um3XarWlHjYbsx6C5LYekSs-pikuU2C1Au7qeaC4nP1iSZSG2-6xE8bhIl4B7crOv-aSUy-qJdSd7GQkiUdAwHNafKlbVA=w1280-h576-s-no?authuser=0\" alt=\"Place de La Comedie\"\/><\/figure>\n\n\n\n<p><br>A la mateixa pla\u00e7a trobarem <a href=\"https:\/\/www.montpellier-tourisme.fr\/\">la oficina de turisme<\/a>, parada obligat\u00f2ria. Al marge de ser un punt d&#8217;informaci\u00f3, podeu contractar visites comentades a alguns espais (com la visita guiada a la Facultat de Medicina, la m\u00e9s antiga d&#8217;Europa) o comprar abonaments pel transport, que us sortiran b\u00e9 de preu. Un abonament de 24 hores per un grup m\u00e0xim de 5 persones costa 6 euros i podeu pujar i baixar del tramvia tantes vegades com volgueu.<br>El centre de Montpellier est\u00e0 situat en un turonet, motiu pel qual pujareu i baixareu bastant. No patiu perqu\u00e8 el tramvia us ser\u00e0 un aliat, molt millor que el cotxe. Els paviments s\u00f3n una mica accidentats i com sempre, recomanem (tal com portem nosaltres) una tercera roda el\u00e8ctrica que us facilitar\u00e0 molt els recorreguts. Amb una cadira manual poden sorgir problemes amb els trams amb llambordes, per exemple.<\/p>\n\n\n\n<p>Tamb\u00e9 podeu anar en tramvia fins les zones noves de Ant\u00edgone (tot un barri dissenyat per l&#8217;arquitecte catal\u00e0 Ricard Bofill que no ens va entusiasmar, massa ciment)<\/p>\n\n\n\n<figure class=\"wp-block-image\"><img loading=\"lazy\" decoding=\"async\" width=\"1024\" height=\"461\" src=\"https:\/\/www.turismefacil.org\/wp-content\/myUploads\/wpcf7_uploads\/Antigone_Montpellier_082023_30-1024x461.jpg\" alt=\"\" class=\"wp-image-18094\" srcset=\"https:\/\/www.turismefacil.org\/wp-content\/myUploads\/wpcf7_uploads\/Antigone_Montpellier_082023_30-1024x461.jpg 1024w, https:\/\/www.turismefacil.org\/wp-content\/myUploads\/wpcf7_uploads\/Antigone_Montpellier_082023_30-300x135.jpg 300w, https:\/\/www.turismefacil.org\/wp-content\/myUploads\/wpcf7_uploads\/Antigone_Montpellier_082023_30-150x68.jpg 150w, https:\/\/www.turismefacil.org\/wp-content\/myUploads\/wpcf7_uploads\/Antigone_Montpellier_082023_30-768x346.jpg 768w, https:\/\/www.turismefacil.org\/wp-content\/myUploads\/wpcf7_uploads\/Antigone_Montpellier_082023_30.jpg 1280w\" sizes=\"auto, (max-width: 1024px) 100vw, 1024px\" \/><figcaption class=\"wp-element-caption\">Barri d&#8217;Antigone.<\/figcaption><\/figure>\n\n\n\n<p> i Port Arianne, m\u00e9s bonic, on podeu veure edificis contemporanis com el nou Ajuntament de Jean Nouvel o l&#8217;edifici de l&#8217;Arbre Blanc de Sou Fujimoto Architects, Laisn\u00e9-Roussel et OXO Architectes.<\/p>\n\n\n\n<figure class=\"wp-block-image size-large\"><img loading=\"lazy\" decoding=\"async\" width=\"1024\" height=\"544\" src=\"https:\/\/www.turismefacil.org\/wp-content\/myUploads\/wpcf7_uploads\/port_marianne_Montpellier_082023_26_v1-1024x544.jpg\" alt=\"\" class=\"wp-image-18095\" srcset=\"https:\/\/www.turismefacil.org\/wp-content\/myUploads\/wpcf7_uploads\/port_marianne_Montpellier_082023_26_v1-1024x544.jpg 1024w, https:\/\/www.turismefacil.org\/wp-content\/myUploads\/wpcf7_uploads\/port_marianne_Montpellier_082023_26_v1-300x159.jpg 300w, https:\/\/www.turismefacil.org\/wp-content\/myUploads\/wpcf7_uploads\/port_marianne_Montpellier_082023_26_v1-150x80.jpg 150w, https:\/\/www.turismefacil.org\/wp-content\/myUploads\/wpcf7_uploads\/port_marianne_Montpellier_082023_26_v1-768x408.jpg 768w, https:\/\/www.turismefacil.org\/wp-content\/myUploads\/wpcf7_uploads\/port_marianne_Montpellier_082023_26_v1.jpg 1280w\" sizes=\"auto, (max-width: 1024px) 100vw, 1024px\" \/><\/figure>\n\n\n\n<figure class=\"wp-block-image size-large\"><img loading=\"lazy\" decoding=\"async\" width=\"1024\" height=\"522\" src=\"https:\/\/www.turismefacil.org\/wp-content\/myUploads\/wpcf7_uploads\/ajuntament_port_marianne_Montpellier_082023_27_v1-1024x522.jpg\" alt=\"\" class=\"wp-image-18096\" srcset=\"https:\/\/www.turismefacil.org\/wp-content\/myUploads\/wpcf7_uploads\/ajuntament_port_marianne_Montpellier_082023_27_v1-1024x522.jpg 1024w, https:\/\/www.turismefacil.org\/wp-content\/myUploads\/wpcf7_uploads\/ajuntament_port_marianne_Montpellier_082023_27_v1-300x153.jpg 300w, https:\/\/www.turismefacil.org\/wp-content\/myUploads\/wpcf7_uploads\/ajuntament_port_marianne_Montpellier_082023_27_v1-150x76.jpg 150w, https:\/\/www.turismefacil.org\/wp-content\/myUploads\/wpcf7_uploads\/ajuntament_port_marianne_Montpellier_082023_27_v1-768x391.jpg 768w, https:\/\/www.turismefacil.org\/wp-content\/myUploads\/wpcf7_uploads\/ajuntament_port_marianne_Montpellier_082023_27_v1.jpg 1280w\" sizes=\"auto, (max-width: 1024px) 100vw, 1024px\" \/><figcaption class=\"wp-element-caption\">Barri de Port Marianne<\/figcaption><\/figure>\n\n\n<div class=\"wp-block-image\">\n<figure class=\"aligncenter size-large\"><img loading=\"lazy\" decoding=\"async\" width=\"461\" height=\"1024\" src=\"https:\/\/www.turismefacil.org\/wp-content\/myUploads\/wpcf7_uploads\/edifici_arbre_Montpellier_082023_24-461x1024.jpg\" alt=\"\" class=\"wp-image-18097\" srcset=\"https:\/\/www.turismefacil.org\/wp-content\/myUploads\/wpcf7_uploads\/edifici_arbre_Montpellier_082023_24-461x1024.jpg 461w, https:\/\/www.turismefacil.org\/wp-content\/myUploads\/wpcf7_uploads\/edifici_arbre_Montpellier_082023_24-135x300.jpg 135w, https:\/\/www.turismefacil.org\/wp-content\/myUploads\/wpcf7_uploads\/edifici_arbre_Montpellier_082023_24-68x150.jpg 68w, https:\/\/www.turismefacil.org\/wp-content\/myUploads\/wpcf7_uploads\/edifici_arbre_Montpellier_082023_24.jpg 540w\" sizes=\"auto, (max-width: 461px) 100vw, 461px\" \/><figcaption class=\"wp-element-caption\">Edifici de l&#8217;Arbre Blanc<\/figcaption><\/figure>\n<\/div>\n\n\n<h2 class=\"wp-block-heading\">Visita a la Facultat de Medicina<\/h2>\n\n\n\n<figure class=\"wp-block-image size-large\"><img decoding=\"async\" src=\"https:\/\/lh3.googleusercontent.com\/pw\/AIL4fc_1kSOOK0saRB3Q-yF7EPrXoBTQbA8KfSGqEmVBgoCwPzsX3CiLE9yIaWiTxdwQP7Gm_-iKRTJfmawDXM7xSZlcXWK5noBJLtrzm-3WFUQalcSM3JbfwGSq7QnywNIm4UJ6hk25jOOGLePHSpkhIMqTcQ=w1280-h576-s-no?authuser=0\" alt=\"\"\/><\/figure>\n\n\n\n<p><a rel=\"noreferrer noopener\" href=\"https:\/\/www.montpellier-tourisme.fr\/decouvrir\/millenaire\/les-incontournables\/faculte-de-medecine\/\" data-type=\"link\" data-id=\"https:\/\/www.montpellier-tourisme.fr\/decouvrir\/millenaire\/les-incontournables\/faculte-de-medecine\/\" target=\"_blank\">La Facultat de Medicina<\/a> \u00e9s la m\u00e9s antiga d&#8217;Europa. Podeu visitar en cadira de rodes tota la primera planta on veureu la sala on actualment els estudiants encara fan el seu jurament Hipocr\u00e0tic tot i que la Facultat moderna on estudien tot el curs est\u00e0 en una altra banda. L&#8217;\u00fanic tros on no es pot accedir \u00e9s l&#8217;espai del gabinet de curiositats (al final de la visita, i dura poca estona, un quart d&#8217;hora m\u00e9s o menys). Ens haurem d&#8217;esperar a la terrassa o al vest\u00edbul.<\/p>\n\n\n\n<h2 class=\"wp-block-heading\">Catedral de Sant Pierre<\/h2>\n\n\n\n<p>La&nbsp;<strong>catedral de Sant Pere de Montpeller<\/strong>&nbsp;\u00e9s una&nbsp;catedral&nbsp;cat\u00f2lica&nbsp;del segle&nbsp;xiv, d&#8217;estil&nbsp;g\u00f2tic meridional, situada a&nbsp;Montpeller. Es troba a l&#8217;<em>\u00c9cusson<\/em>, el centre antic del municipi, i \u00e9s el monument m\u00e9s important d&#8217;estil&nbsp;g\u00f2tic&nbsp;de la ciutat i l&#8217;esgl\u00e9sia m\u00e9s gran de la regi\u00f3 del&nbsp;Llenguadoc-Rossell\u00f3. \u00c9s declarada&nbsp;<em>monument hist\u00f2ric<\/em>&nbsp;l&#8217;any&nbsp;1906.<\/p>\n\n\n\n<div class=\"wp-block-group\"><div class=\"wp-block-group__inner-container is-layout-constrained wp-block-group-is-layout-constrained\"><div class=\"wp-block-image\">\n<figure class=\"aligncenter size-large\"><img decoding=\"async\" src=\"https:\/\/lh3.googleusercontent.com\/pw\/AIL4fc-lbeCbh77PyB7SDKDu_s2myVSPanGDIK0grfneyUnLsvjlhMQ63Z6ZePezKL5bOX110Y25Jm_eNo6tNlc5Op1jEKEp4VZ9SocX4do1u6kp5b8xb1tlwLO_EPzW00LxGu2oGYuBdkHVJXdnktbA9dWgUhvOUfwoyfUB5nF4rUUcJ6KK0E572_0NRxkIPYwn350ClOYjHWApmCToX7IzW0SU4pB6jlViHW3UJmC6VDozb3ogdYsdQU9xOByJUxSMeomwBit6gysvMjiBFJ1cU2F0nuzsHgeIZso6fsr1FNz6_IjbmyxQFfHYKb4wQXGFGnN1LmZvIjBRzq50Csd9tdjri2cXpjHma9Mpxqz7pYboNXjGKoDZp3IJl3FBdRGNwk3hpQ-0BT9nDXUzH0hUeaKge96vUopaR47HfAIhEUUj421Tx-A7C_FmomQ1BcH29LY6qpawG6H9L_93KNxrk-8Bm3xBhTkBKO4a635G6Zom_0tGK63RwaC1_-TI09qJrOYE0yp_xb98XjrEErlH-pt-gEs1p70yFa3tUM3fqmRta6HZSzQXgalPRV38Ez-opDuQriMgXexomix2aNiTQal7LVomY7x-WC7attDfJQMFAe7t7gqywW7mDj11ZYdlqkLEWYZgH_Tg20VPBhwmqYKt086NlfOjv8bv-j2Jrv1bm9OKDQ2YxYQ2TqCP3w9fS7CYStjxHUbCXjkbE8OSnHLAUBfGqDNM2upTESfHuoOArPKr649cGsell0Ndsnv4HlSEohxzMA0urEfdOwvqr0cR6ACM1l66jCZcoaoQfJZFT5np7S13Wtstww1dKh4V3rFbZ7scr8garpkODw_uP58l3mPpBGk2-ks2UY-Th0lrXjZjI0MeM8lkosFuNdrvJnPsMi5QXwJfnljB8klNtWn8bRqF6tGkajvnkPIpiNihw4SfONxgwku4sSBxoUQOzqfNuLkfG6Fp0fE=w428-h709-s-no?authuser=0\" alt=\"\"\/><figcaption class=\"wp-element-caption\">La catedral de Saint Pierre tamb\u00e9 \u00e9s accessible.<\/figcaption><\/figure>\n<\/div>\n\n\n<h2 class=\"wp-block-heading\">Aigues-Mortes<\/h2>\n\n\n\n<p>La poblaci\u00f3 d&#8217;Aigues-Mortes es troba a uns 40 km i la visita val molt la pena. \u00c9s una ciutat molt bonica fortificada pels quatre cantons. Podeu fer el recorregut pel vostre compte o fer un tour guiat. La torre del Rei t\u00e9 ascensor i es poden visitar els tres pisos, fins i tot el Mirador de dalt de tot.  El que no es pot fer en cadira de rodes \u00e9s caminar per damunt de les muralles. Hi ha molts espais de restauraci\u00f3 amb terrassa, per\u00f2 no vam trobar cap wc accessible.<\/p>\n<\/div><\/div>\n\n\n\n<figure class=\"wp-block-image size-large\"><img decoding=\"async\" src=\"https:\/\/lh3.googleusercontent.com\/pw\/AIL4fc_IDfEurQn-r77emGYG3GmVTse9K_TquRCV0RkGP8qt-3GgAdCeWdm7IuwbZUJX4XhIFrYjEhnCQsVcisiji4SdkL5ihJb6FhS5vrwD2vFwRaHQDv0oOh2UXrFau5JHS8Oi9gHG-Psqf15E4qIc822eYw=w1280-h577-s-no?authuser=0\" alt=\"\"\/><\/figure>\n\n\n\n<figure class=\"wp-block-image size-large\"><img decoding=\"async\" src=\"https:\/\/lh3.googleusercontent.com\/pw\/AIL4fc-KLwNcLxSQGKAThk4UPyCPza7gt71b7oZi6Q-tB0dok24IxsV3s3GmNP2BSiuyE7JID5Y8dC4zHMqjahjkLqSRlAH6cPdA6uwh_Libs-tDFRpGnYu5gRhOj8RIhjc4GJOooNT5eq9mwIIiiZ_YNgdlKQ=w1280-h577-s-no?authuser=0\" alt=\"\"\/><\/figure>\n\n\n\n<figure class=\"wp-block-image size-large\"><img decoding=\"async\" src=\"https:\/\/lh3.googleusercontent.com\/pw\/AIL4fc-zW4UK4uf2OpucwjwelbyxpoRnCtwnXuqrB0x9nvZ_Z0d-uCTTGAgkNDlCKYaK8KVxd7YztSoRnYwThrsbYCDesdBO1wC44MwbDREp4AbZzxmTdTYb_PICCuXtKoHy6JYuSfb1gNKD81ghdOPMJhttvw=w1280-h576-s-no?authuser=0\" alt=\"\"\/><\/figure>\n\n\n\n<p>Tamb\u00e9 podeu anar a Grande Motte, una poblaci\u00f3 molt tur\u00edstica amb una gran platja accessible i tot tipus de serveis de restauraci\u00f3 al Passeig Mar\u00edtim.<\/p>\n\n\n\n<figure class=\"wp-block-image size-large\"><img decoding=\"async\" src=\"https:\/\/lh3.googleusercontent.com\/pw\/AIL4fc87zHvVevMEO3B1fEeDg8lTBWyOoKRgqxMMXjrR7zdBfnF9AcsrVz0Qvye7SQxNclJlRPseqVH2qdLIpq7Mit1cXz4ifGj2Uaq2vaxjZ_kXzOQepGSVihwEmcxbeV6hvz2pCODWdSH_rftkj6TqUNvuqQ=w1280-h576-s-no?authuser=0\" alt=\"\"\/><\/figure>\n","protected":false},"excerpt":{"rendered":"<p>Montpellier, antic i modern. Ciutat mediterr\u00e0nia<\/p>\n","protected":false},"author":4,"featured_media":18106,"comment_status":"open","ping_status":"open","sticky":false,"template":"","format":"standard","meta":{"footnotes":""},"categories":[123,257,115,298,297,194,3],"tags":[16,392,436,437],"class_list":["post-18072","post","type-post","status-publish","format-standard","has-post-thumbnail","hentry","category-art","category-europa","category-historia","category-mobilitat-reduida-2","category-platja-2","category-transport-adaptat","category-turisme","tag-cadires-de-rodes","tag-europa","tag-franca","tag-montpellier"],"_links":{"self":[{"href":"https:\/\/www.turismefacil.org\/index.php?rest_route=\/wp\/v2\/posts\/18072","targetHints":{"allow":["GET"]}}],"collection":[{"href":"https:\/\/www.turismefacil.org\/index.php?rest_route=\/wp\/v2\/posts"}],"about":[{"href":"https:\/\/www.turismefacil.org\/index.php?rest_route=\/wp\/v2\/types\/post"}],"author":[{"embeddable":true,"href":"https:\/\/www.turismefacil.org\/index.php?rest_route=\/wp\/v2\/users\/4"}],"replies":[{"embeddable":true,"href":"https:\/\/www.turismefacil.org\/index.php?rest_route=%2Fwp%2Fv2%2Fcomments&post=18072"}],"version-history":[{"count":34,"href":"https:\/\/www.turismefacil.org\/index.php?rest_route=\/wp\/v2\/posts\/18072\/revisions"}],"predecessor-version":[{"id":18119,"href":"https:\/\/www.turismefacil.org\/index.php?rest_route=\/wp\/v2\/posts\/18072\/revisions\/18119"}],"wp:featuredmedia":[{"embeddable":true,"href":"https:\/\/www.turismefacil.org\/index.php?rest_route=\/wp\/v2\/media\/18106"}],"wp:attachment":[{"href":"https:\/\/www.turismefacil.org\/index.php?rest_route=%2Fwp%2Fv2%2Fmedia&parent=18072"}],"wp:term":[{"taxonomy":"category","embeddable":true,"href":"https:\/\/www.turismefacil.org\/index.php?rest_route=%2Fwp%2Fv2%2Fcategories&post=18072"},{"taxonomy":"post_tag","embeddable":true,"href":"https:\/\/www.turismefacil.org\/index.php?rest_route=%2Fwp%2Fv2%2Ftags&post=18072"}],"curies":[{"name":"wp","href":"https:\/\/api.w.org\/{rel}","templated":true}]}}