{"id":18159,"date":"2024-09-03T16:34:30","date_gmt":"2024-09-03T15:34:30","guid":{"rendered":"https:\/\/www.turismefacil.org\/?p=18159"},"modified":"2024-09-03T16:47:47","modified_gmt":"2024-09-03T15:47:47","slug":"granada","status":"publish","type":"post","link":"https:\/\/www.turismefacil.org\/?p=18159","title":{"rendered":"Granada"},"content":{"rendered":"\n<iframe loading=\"lazy\" src=\"https:\/\/www.google.com\/maps\/d\/embed?mid=1YZoyMCZ5j_RQ7p_CgDx49bE8jf7c8ok&#038;ehbc=2E312F&#038;noprof=1\" width=\"640\" height=\"480\"><\/iframe>\n\n\n\n<p>Hem viatjat a Granada des de Barcelona en tren, una bona opci\u00f3 si no tens ganes de conduir o no tens cotxe o no t&#8217;agrada l&#8217;avi\u00f3. <br><strong>Des de l&#8217;estaci\u00f3 de Sants surten trens de <a href=\"https:\/\/www.renfe.com\/es\/es\" target=\"_blank\" rel=\"noreferrer noopener\">Renfe<\/a>, la majoria accessibles i amb ajuda per a persones usu\u00e0ries de cadira de rodes. Adif \u00e9s l&#8217;empresa que presta el servei amb independ\u00e8ncia de la companyia. Al comprar els bitllets de tren cal triar la pla\u00e7a H i la corresponent petici\u00f3 d&#8217;assist\u00e8ncia. Ens posaran en un espai accessible al costat del lavabo adaptat.<\/strong><\/p>\n\n\n\n<p>El nostre viatge va anar b\u00e9 encara que el lavabo no estava en condicions ja que la porta autom\u00e0tica estava espatllada i no obria f\u00e0cilment<strong>.<\/strong> Un altre inconvenient va ser l&#8217;exc\u00e9s de maletes de mides enormes de la resta de viatgers. Quasi no hi havia lloc per a les persones (de fet ens van entaforar dues maletasses davant de la cadira de rodes i no en van ser m\u00e9s perqu\u00e8 els vam fer veure la mol\u00e8stia que comportava).<br><strong>A la part final del viatge el tren redueix massa la velocitat (fins Antequera 200 km\/h o m\u00e9s i a partir d&#8217;Antequera alguns trams a 50 km\/h \ud83d\ude41<\/strong>)<\/p>\n\n\n\n<p>Prepareu-vos entreteniment i coses per picar perqu\u00e8 \u00e9s un viatge llarg, s\u00f3n m\u00e9s de sis hores.<\/p>\n\n\n\n<p>Cal tenir en compte que nosaltres viatgem amb una tercera roda el\u00e8ctrica (tipus Batec, Stricker, Firefly, Elesmart i similars) i que per tant no tenim tants problemes amb els paviments de pedres, llambordes o carrers amb desnivell. Recomanem molt\u00edssim aquest tipus de complements de mobilitat tant per al dia a dia com per viatjar perqu\u00e8 et faciliten els despla\u00e7aments i la vida en general.<\/p>\n\n\n\n<p>En fer el viatge al mes de gener, a Granada hi fa for\u00e7a fred, cal portar una bona jaqueta.<br><br>El nostre allotjament va ser <a href=\"https:\/\/www.cataloniahotels.com\/es\/hotel\/catalonia-granada?mb=1\" data-type=\"link\" data-id=\"https:\/\/www.cataloniahotels.com\/es\/hotel\/catalonia-granada?mb=1\" target=\"_blank\" rel=\"noreferrer noopener\">l&#8217;Hotel Catalonia Granada<\/a> molt a la vora de l&#8217;estaci\u00f3 (aquesta per cert no t\u00e9 consignes per deixar maletes). Es un hotel modern amb elevador prou gran per salvar els graons interiors i despr\u00e9s ascensor per accedir a totes les depend\u00e8ncies. L&#8217;habitaci\u00f3 tenia dutxa plana i ens van venir a posar una cadira met\u00e0l.lica que va penjada a una barra collada a la paret. Vam trobar que era un bon sistema.<\/p>\n\n\n\n<p>Un cop instal.lats vam sortir a voltar pel centre de la ciutat.<\/p>\n\n\n\n<figure class=\"wp-block-image size-large\"><img loading=\"lazy\" decoding=\"async\" width=\"1024\" height=\"486\" src=\"https:\/\/www.turismefacil.org\/wp-content\/myUploads\/wpcf7_uploads\/provisional_Granada_012024_64-1024x486.jpg\" alt=\"\" class=\"wp-image-18190\" srcset=\"https:\/\/www.turismefacil.org\/wp-content\/myUploads\/wpcf7_uploads\/provisional_Granada_012024_64-1024x486.jpg 1024w, https:\/\/www.turismefacil.org\/wp-content\/myUploads\/wpcf7_uploads\/provisional_Granada_012024_64-300x143.jpg 300w, https:\/\/www.turismefacil.org\/wp-content\/myUploads\/wpcf7_uploads\/provisional_Granada_012024_64-150x71.jpg 150w, https:\/\/www.turismefacil.org\/wp-content\/myUploads\/wpcf7_uploads\/provisional_Granada_012024_64-768x365.jpg 768w, https:\/\/www.turismefacil.org\/wp-content\/myUploads\/wpcf7_uploads\/provisional_Granada_012024_64-1536x730.jpg 1536w, https:\/\/www.turismefacil.org\/wp-content\/myUploads\/wpcf7_uploads\/provisional_Granada_012024_64.jpg 1600w\" sizes=\"auto, (max-width: 1024px) 100vw, 1024px\" \/><\/figure>\n\n\n\n<p>Caminant sense rumb &#8211; sempre passa quan arribes a una ciutat desconeguda &#8211; vam anar a parar al carrer Carrera del Darro i el Puente de Cabrera, des d&#8217;on podreu veure la casa on es va rodar la pel.l\u00edcula <a href=\"https:\/\/www.filmaffinity.com\/es\/film233216.html\" data-type=\"link\" data-id=\"https:\/\/www.filmaffinity.com\/es\/film233216.html\" target=\"_blank\" rel=\"noreferrer noopener\">Can\u00edbal<\/a> (fa molta gr\u00e0cia recon\u00e8ixer-la en el fotograma).<\/p>\n\n\n\n<p>\u00c9s un lloc for\u00e7a tur\u00edstic, estret, de paviment irregular i hi passeja molta gent (tamb\u00e9 hi puja el trenet tur\u00edstic). Haureu de vigilar una mica.<\/p>\n\n\n<div class=\"wp-block-image\">\n<figure class=\"aligncenter size-large\"><img loading=\"lazy\" decoding=\"async\" width=\"1024\" height=\"765\" src=\"https:\/\/www.turismefacil.org\/wp-content\/myUploads\/wpcf7_uploads\/refotografia_film_canibal-1024x765.jpg\" alt=\"\" class=\"wp-image-18173\" srcset=\"https:\/\/www.turismefacil.org\/wp-content\/myUploads\/wpcf7_uploads\/refotografia_film_canibal-1024x765.jpg 1024w, https:\/\/www.turismefacil.org\/wp-content\/myUploads\/wpcf7_uploads\/refotografia_film_canibal-300x224.jpg 300w, https:\/\/www.turismefacil.org\/wp-content\/myUploads\/wpcf7_uploads\/refotografia_film_canibal-150x112.jpg 150w, https:\/\/www.turismefacil.org\/wp-content\/myUploads\/wpcf7_uploads\/refotografia_film_canibal-768x574.jpg 768w, https:\/\/www.turismefacil.org\/wp-content\/myUploads\/wpcf7_uploads\/refotografia_film_canibal.jpg 1200w\" sizes=\"auto, (max-width: 1024px) 100vw, 1024px\" \/><figcaption class=\"wp-element-caption\">Fotograma de <a href=\"https:\/\/www.filmin.es\/pelicula\/canibal\" data-type=\"link\" data-id=\"https:\/\/www.filmin.es\/pelicula\/canibal\" target=\"_blank\" rel=\"noreferrer noopener\">Filmin<\/a> i realitat. Carrer del Darro des del Pont de Cabrera<\/figcaption><\/figure>\n<\/div>\n\n\n<p>Granada \u00e9s molt maca, es menja b\u00e9 i t\u00e9 una mida molt adequada per visitar en 3 o 4 dies.<\/p>\n\n\n\n<p>La primera visita que cal fer \u00e9s l&#8217;<a href=\"https:\/\/turismo.granada.org\/es\" data-type=\"link\" data-id=\"https:\/\/turismo.granada.org\/es\" target=\"_blank\" rel=\"noreferrer noopener\">oficina de Turisme<\/a>, aix\u00ed ens explicaran de primera m\u00e0 on anar, qu\u00e8 veure, visitar, menjar, com accedir a l&#8217;Alhambra i quins monuments \/ espais son accessibles per a cadires de rodes. <br>Tamb\u00e9 podrem treure entrades per espectacles, museus i el trenet tur\u00edstic que fa una volta a la ciutat i tamb\u00e9 puja a l&#8217;Alhambra. El que \u00e9s molt complicat \u00e9s accedir als barris de la part alta com el Sacromonte (no hi vam anar) i l&#8217;Albaic\u00edn amb el mirador de Sant Nicol\u00e1s on tindrem unes bones vistes de la ciutat (amb el trenet ens podem fer una idea perqu\u00e8 passa per un dels carrers). L&#8217;Albaicin \u00e9s un barri tot blanc de casetes baixes per\u00f2 ple de carrers empinats i amb escales, per aix\u00f2 \u00e9s impracticable. Des de l&#8217;Alhambra tamb\u00e9 hi ha bones vistes.<\/p>\n\n\n\n<figure class=\"wp-block-image size-large\"><img loading=\"lazy\" decoding=\"async\" width=\"683\" height=\"1024\" src=\"http:\/\/www.turismefacil.org\/wp-content\/myUploads\/wpcf7_uploads\/Granada_012024_67-1-683x1024.jpg\" alt=\"Granada\" class=\"wp-image-18133\" srcset=\"https:\/\/www.turismefacil.org\/wp-content\/myUploads\/wpcf7_uploads\/Granada_012024_67-1-683x1024.jpg 683w, https:\/\/www.turismefacil.org\/wp-content\/myUploads\/wpcf7_uploads\/Granada_012024_67-1-200x300.jpg 200w, https:\/\/www.turismefacil.org\/wp-content\/myUploads\/wpcf7_uploads\/Granada_012024_67-1-100x150.jpg 100w, https:\/\/www.turismefacil.org\/wp-content\/myUploads\/wpcf7_uploads\/Granada_012024_67-1-768x1152.jpg 768w, https:\/\/www.turismefacil.org\/wp-content\/myUploads\/wpcf7_uploads\/Granada_012024_67-1-1024x1536.jpg 1024w, https:\/\/www.turismefacil.org\/wp-content\/myUploads\/wpcf7_uploads\/Granada_012024_67-1.jpg 1280w\" sizes=\"auto, (max-width: 683px) 100vw, 683px\" \/><figcaption class=\"wp-element-caption\">Granada. Albaic\u00edn.<\/figcaption><\/figure>\n\n\n\n<p>L&#8217;Alhambra \u00e9s fant\u00e0stica tot i que l&#8217;acc\u00e9s \u00e9s prou dif\u00edcil ja que es troba dalt d&#8217;un tur\u00f3 i el paviment del cam\u00ed \u00e9s empedrat. Vam optar per agafar el trenet tur\u00edstic (un tractor que es mou bastant i que permet cadires i handbikes) per\u00f2 tamb\u00e9 podeu pujar amb taxi o autob\u00fas (aquest darrer no permet handbikes ni scooters).<\/p>\n\n\n\n<figure class=\"wp-block-image size-large\"><img loading=\"lazy\" decoding=\"async\" width=\"1024\" height=\"683\" src=\"http:\/\/www.turismefacil.org\/wp-content\/myUploads\/wpcf7_uploads\/Granada_012024_Alhambra_1-1-1024x683.jpg\" alt=\"Granada\" class=\"wp-image-18132\" srcset=\"https:\/\/www.turismefacil.org\/wp-content\/myUploads\/wpcf7_uploads\/Granada_012024_Alhambra_1-1-1024x683.jpg 1024w, https:\/\/www.turismefacil.org\/wp-content\/myUploads\/wpcf7_uploads\/Granada_012024_Alhambra_1-1-300x200.jpg 300w, https:\/\/www.turismefacil.org\/wp-content\/myUploads\/wpcf7_uploads\/Granada_012024_Alhambra_1-1-150x100.jpg 150w, https:\/\/www.turismefacil.org\/wp-content\/myUploads\/wpcf7_uploads\/Granada_012024_Alhambra_1-1-768x512.jpg 768w, https:\/\/www.turismefacil.org\/wp-content\/myUploads\/wpcf7_uploads\/Granada_012024_Alhambra_1-1-1536x1024.jpg 1536w, https:\/\/www.turismefacil.org\/wp-content\/myUploads\/wpcf7_uploads\/Granada_012024_Alhambra_1-1.jpg 1920w\" sizes=\"auto, (max-width: 1024px) 100vw, 1024px\" \/><figcaption class=\"wp-element-caption\">Vistes del barri de l&#8217;Albaic\u00edn des de L&#8217; Alhambra, Granada<\/figcaption><\/figure>\n\n\n\n<p>Per visitar <a href=\"https:\/\/tickets.alhambra-patronato.es\/producto\/alhambra-general\/\" data-type=\"link\" data-id=\"https:\/\/tickets.alhambra-patronato.es\/producto\/alhambra-general\/\" target=\"_blank\" rel=\"noreferrer noopener\">l<strong>&#8216;Alhambra<\/strong><\/a><strong> recomanem comprar les entrades a trav\u00e9s de la web amb molta antelaci\u00f3<\/strong>. Al ser Monument Hist\u00f2ric t\u00e9 un nombre limitat de visitants diaris. Nosaltres vam comprar les entrades dos mesos abans. Hi ha preu especial per a mobilitat redu\u00efda i acompanyant. Podrem visitar els Palaus Nazar\u00eds (en un d&#8217;ells hi ha el Pati dels Lleons). T\u00e9 un horari espec\u00edfic, quan compres l&#8217;entrada l&#8217;has de triar i no pots entrar ni abans ni despr\u00e9s. Dels Jardins del Generalife nom\u00e9s es pot visitar el primer, la resta no s\u00f3n accessibles.<\/p>\n\n\n\n<p>M\u00e9s info sobre accessibilitat: <br><a href=\"https:\/\/www.alhambra-patronato.es\/wp-content\/uploads\/2020\/10\/PLANO_ACCESIBILIDAD.pdf\">https:\/\/www.alhambra-patronato.es\/wp-content\/uploads\/2020\/10\/PLANO_ACCESIBILIDAD.pdf<\/a><br><br><em>Fotografies<\/em><\/p>\n\n\n\n<figure class=\"wp-block-image size-large\"><img loading=\"lazy\" decoding=\"async\" width=\"1024\" height=\"340\" src=\"https:\/\/www.turismefacil.org\/wp-content\/myUploads\/wpcf7_uploads\/granada_alhambra_conjunta-1024x340.jpg\" alt=\"\" class=\"wp-image-18192\" srcset=\"https:\/\/www.turismefacil.org\/wp-content\/myUploads\/wpcf7_uploads\/granada_alhambra_conjunta-1024x340.jpg 1024w, https:\/\/www.turismefacil.org\/wp-content\/myUploads\/wpcf7_uploads\/granada_alhambra_conjunta-300x100.jpg 300w, https:\/\/www.turismefacil.org\/wp-content\/myUploads\/wpcf7_uploads\/granada_alhambra_conjunta-150x50.jpg 150w, https:\/\/www.turismefacil.org\/wp-content\/myUploads\/wpcf7_uploads\/granada_alhambra_conjunta-768x255.jpg 768w, https:\/\/www.turismefacil.org\/wp-content\/myUploads\/wpcf7_uploads\/granada_alhambra_conjunta.jpg 1180w\" sizes=\"auto, (max-width: 1024px) 100vw, 1024px\" \/><\/figure>\n\n\n\n<p>Una altra visita es el <a href=\"https:\/\/realmonasteriosanjeronimogranada.com\/\" target=\"_blank\" rel=\"noreferrer noopener\">Monasterio de San Jer\u00f3nimo<\/a>, \u00e9s accessible i l&#8217;entrada es treu a l&#8217;entrada del mateix monestir.<\/p>\n\n\n\n<figure class=\"wp-block-gallery has-nested-images columns-default is-cropped wp-block-gallery-1 is-layout-flex wp-block-gallery-is-layout-flex\">\n<figure class=\"wp-block-image size-large\"><img loading=\"lazy\" decoding=\"async\" width=\"1024\" height=\"683\" data-id=\"18131\" src=\"https:\/\/www.turismefacil.org\/wp-content\/myUploads\/wpcf7_uploads\/Granada_012024_9-1024x683.jpg\" alt=\"\" class=\"wp-image-18131\" srcset=\"https:\/\/www.turismefacil.org\/wp-content\/myUploads\/wpcf7_uploads\/Granada_012024_9-1024x683.jpg 1024w, https:\/\/www.turismefacil.org\/wp-content\/myUploads\/wpcf7_uploads\/Granada_012024_9-300x200.jpg 300w, https:\/\/www.turismefacil.org\/wp-content\/myUploads\/wpcf7_uploads\/Granada_012024_9-150x100.jpg 150w, https:\/\/www.turismefacil.org\/wp-content\/myUploads\/wpcf7_uploads\/Granada_012024_9-768x512.jpg 768w, https:\/\/www.turismefacil.org\/wp-content\/myUploads\/wpcf7_uploads\/Granada_012024_9.jpg 1200w\" sizes=\"auto, (max-width: 1024px) 100vw, 1024px\" \/><\/figure>\n\n\n\n<figure class=\"wp-block-image size-large\"><img loading=\"lazy\" decoding=\"async\" width=\"1024\" height=\"683\" data-id=\"18130\" src=\"https:\/\/www.turismefacil.org\/wp-content\/myUploads\/wpcf7_uploads\/Granada_012024_10-1024x683.jpg\" alt=\"Granada\" class=\"wp-image-18130\" srcset=\"https:\/\/www.turismefacil.org\/wp-content\/myUploads\/wpcf7_uploads\/Granada_012024_10-1024x683.jpg 1024w, https:\/\/www.turismefacil.org\/wp-content\/myUploads\/wpcf7_uploads\/Granada_012024_10-300x200.jpg 300w, https:\/\/www.turismefacil.org\/wp-content\/myUploads\/wpcf7_uploads\/Granada_012024_10-150x100.jpg 150w, https:\/\/www.turismefacil.org\/wp-content\/myUploads\/wpcf7_uploads\/Granada_012024_10-768x512.jpg 768w, https:\/\/www.turismefacil.org\/wp-content\/myUploads\/wpcf7_uploads\/Granada_012024_10.jpg 1200w\" sizes=\"auto, (max-width: 1024px) 100vw, 1024px\" \/><figcaption class=\"wp-element-caption\">Granada<\/figcaption><\/figure>\n\n\n\n<figure class=\"wp-block-image size-large\"><img loading=\"lazy\" decoding=\"async\" width=\"683\" height=\"1024\" data-id=\"18129\" src=\"https:\/\/www.turismefacil.org\/wp-content\/myUploads\/wpcf7_uploads\/Granada_012024_12-683x1024.jpg\" alt=\"\" class=\"wp-image-18129\" srcset=\"https:\/\/www.turismefacil.org\/wp-content\/myUploads\/wpcf7_uploads\/Granada_012024_12-683x1024.jpg 683w, https:\/\/www.turismefacil.org\/wp-content\/myUploads\/wpcf7_uploads\/Granada_012024_12-200x300.jpg 200w, https:\/\/www.turismefacil.org\/wp-content\/myUploads\/wpcf7_uploads\/Granada_012024_12-100x150.jpg 100w, https:\/\/www.turismefacil.org\/wp-content\/myUploads\/wpcf7_uploads\/Granada_012024_12-768x1152.jpg 768w, https:\/\/www.turismefacil.org\/wp-content\/myUploads\/wpcf7_uploads\/Granada_012024_12.jpg 800w\" sizes=\"auto, (max-width: 683px) 100vw, 683px\" \/><\/figure>\n<\/figure>\n\n\n\n<p>Monestir de San Jer\u00f3nimo. Granada<\/p>\n\n\n\n<p>Una altra visita \u00e9s la Catedral, accessible i ben c\u00e8ntrica, i la tomba dels Reis Cat\u00f2lics que est\u00e0 al costat (des de la Catedral haurem de demanar que ens acompanyin a l&#8217;acc\u00e9s a la tomba perqu\u00e8 es fa per una porta que per a la resta de la gent est\u00e0 tancada). L&#8217;\u00fanic lloc que no podrem veure \u00e9s la cripta per\u00f2 no ens perdrem gaire cosa perqu\u00e8 el que \u00e9s impressionant \u00e9s el monument superior. No es poden fer fotos. Hi ha entrades combinades per veure diversos edificis i que surti m\u00e9s econ\u00f2mic, informeu-vos-en a l&#8217;oficina de turisme.<\/p>\n\n\n\n<figure class=\"wp-block-gallery has-nested-images columns-default is-cropped wp-block-gallery-2 is-layout-flex wp-block-gallery-is-layout-flex\">\n<figure class=\"wp-block-image size-large\"><img loading=\"lazy\" decoding=\"async\" width=\"1024\" height=\"683\" data-id=\"18207\" src=\"https:\/\/www.turismefacil.org\/wp-content\/myUploads\/wpcf7_uploads\/catedral_granada_1-1024x683.jpg\" alt=\"\" class=\"wp-image-18207\" srcset=\"https:\/\/www.turismefacil.org\/wp-content\/myUploads\/wpcf7_uploads\/catedral_granada_1-1024x683.jpg 1024w, https:\/\/www.turismefacil.org\/wp-content\/myUploads\/wpcf7_uploads\/catedral_granada_1-300x200.jpg 300w, https:\/\/www.turismefacil.org\/wp-content\/myUploads\/wpcf7_uploads\/catedral_granada_1-150x100.jpg 150w, https:\/\/www.turismefacil.org\/wp-content\/myUploads\/wpcf7_uploads\/catedral_granada_1-768x512.jpg 768w, https:\/\/www.turismefacil.org\/wp-content\/myUploads\/wpcf7_uploads\/catedral_granada_1.jpg 1200w\" sizes=\"auto, (max-width: 1024px) 100vw, 1024px\" \/><\/figure>\n\n\n\n<figure class=\"wp-block-image size-large\"><img loading=\"lazy\" decoding=\"async\" width=\"1024\" height=\"683\" data-id=\"18208\" src=\"https:\/\/www.turismefacil.org\/wp-content\/myUploads\/wpcf7_uploads\/catedral_granada_2-1024x683.jpg\" alt=\"\" class=\"wp-image-18208\" srcset=\"https:\/\/www.turismefacil.org\/wp-content\/myUploads\/wpcf7_uploads\/catedral_granada_2-1024x683.jpg 1024w, https:\/\/www.turismefacil.org\/wp-content\/myUploads\/wpcf7_uploads\/catedral_granada_2-300x200.jpg 300w, https:\/\/www.turismefacil.org\/wp-content\/myUploads\/wpcf7_uploads\/catedral_granada_2-150x100.jpg 150w, https:\/\/www.turismefacil.org\/wp-content\/myUploads\/wpcf7_uploads\/catedral_granada_2-768x512.jpg 768w, https:\/\/www.turismefacil.org\/wp-content\/myUploads\/wpcf7_uploads\/catedral_granada_2.jpg 1200w\" sizes=\"auto, (max-width: 1024px) 100vw, 1024px\" \/><\/figure>\n\n\n\n<figure class=\"wp-block-image size-large\"><img loading=\"lazy\" decoding=\"async\" width=\"683\" height=\"1024\" data-id=\"18210\" src=\"https:\/\/www.turismefacil.org\/wp-content\/myUploads\/wpcf7_uploads\/catedral_granada_3-683x1024.jpg\" alt=\"\" class=\"wp-image-18210\" srcset=\"https:\/\/www.turismefacil.org\/wp-content\/myUploads\/wpcf7_uploads\/catedral_granada_3-683x1024.jpg 683w, https:\/\/www.turismefacil.org\/wp-content\/myUploads\/wpcf7_uploads\/catedral_granada_3-200x300.jpg 200w, https:\/\/www.turismefacil.org\/wp-content\/myUploads\/wpcf7_uploads\/catedral_granada_3-100x150.jpg 100w, https:\/\/www.turismefacil.org\/wp-content\/myUploads\/wpcf7_uploads\/catedral_granada_3-768x1152.jpg 768w, https:\/\/www.turismefacil.org\/wp-content\/myUploads\/wpcf7_uploads\/catedral_granada_3.jpg 800w\" sizes=\"auto, (max-width: 683px) 100vw, 683px\" \/><\/figure>\n\n\n\n<figure class=\"wp-block-image size-large\"><img loading=\"lazy\" decoding=\"async\" width=\"683\" height=\"1024\" data-id=\"18211\" src=\"https:\/\/www.turismefacil.org\/wp-content\/myUploads\/wpcf7_uploads\/catedral_granada_4-683x1024.jpg\" alt=\"\" class=\"wp-image-18211\" srcset=\"https:\/\/www.turismefacil.org\/wp-content\/myUploads\/wpcf7_uploads\/catedral_granada_4-683x1024.jpg 683w, https:\/\/www.turismefacil.org\/wp-content\/myUploads\/wpcf7_uploads\/catedral_granada_4-200x300.jpg 200w, https:\/\/www.turismefacil.org\/wp-content\/myUploads\/wpcf7_uploads\/catedral_granada_4-100x150.jpg 100w, https:\/\/www.turismefacil.org\/wp-content\/myUploads\/wpcf7_uploads\/catedral_granada_4-768x1152.jpg 768w, https:\/\/www.turismefacil.org\/wp-content\/myUploads\/wpcf7_uploads\/catedral_granada_4.jpg 800w\" sizes=\"auto, (max-width: 683px) 100vw, 683px\" \/><\/figure>\n<\/figure>\n\n\n\n<p>Hi ha menjar de tot tipus i gran diversitat d&#8217;establiments, per\u00f2 el m\u00e9s t\u00edpic son les tapes. No ens van sorprendre gaire perqu\u00e8 ara ja n&#8217;hi han a tot arreu, el que s\u00ed que ens van sorprendre son els preus m\u00e9s econ\u00f2mics, i no nom\u00e9s del menjar.<\/p>\n\n\n\n<p>Si voleu provar un postre t\u00edpic, us recomanem els &#8220;Piononos&#8221; que estan molt bons.<\/p>\n","protected":false},"excerpt":{"rendered":"<p>Hem viatjat a Granada des de Barcelona en tren, una bona opci\u00f3 si no tens ganes de conduir o no tens cotxe o no t&#8217;agrada l&#8217;avi\u00f3. Des de l&#8217;estaci\u00f3 de Sants surten trens de Renfe, la majoria accessibles i amb ajuda per a persones usu\u00e0ries de cadira de rodes. Adif \u00e9s l&#8217;empresa que presta el [&hellip;]<\/p>\n","protected":false},"author":1,"featured_media":18134,"comment_status":"closed","ping_status":"open","sticky":true,"template":"","format":"standard","meta":{"footnotes":""},"categories":[115,3],"tags":[442,441,443,446,445,447,449,448,444,269,450,451],"class_list":["post-18159","post","type-post","status-publish","format-standard","has-post-thumbnail","hentry","category-historia","category-turisme","tag-andalucia","tag-andalusia","tag-cadira-de-rodes","tag-granada-accesible","tag-granada-accessible","tag-granada-adaptada","tag-granada-en-cadira-de-rodes","tag-granada-en-silla-de-ruedas","tag-silla-de-ruedas","tag-turisme-adaptat","tag-turisme-en-cadira-de-rodes","tag-turismo-en-silla-de-ruedas"],"_links":{"self":[{"href":"https:\/\/www.turismefacil.org\/index.php?rest_route=\/wp\/v2\/posts\/18159","targetHints":{"allow":["GET"]}}],"collection":[{"href":"https:\/\/www.turismefacil.org\/index.php?rest_route=\/wp\/v2\/posts"}],"about":[{"href":"https:\/\/www.turismefacil.org\/index.php?rest_route=\/wp\/v2\/types\/post"}],"author":[{"embeddable":true,"href":"https:\/\/www.turismefacil.org\/index.php?rest_route=\/wp\/v2\/users\/1"}],"replies":[{"embeddable":true,"href":"https:\/\/www.turismefacil.org\/index.php?rest_route=%2Fwp%2Fv2%2Fcomments&post=18159"}],"version-history":[{"count":41,"href":"https:\/\/www.turismefacil.org\/index.php?rest_route=\/wp\/v2\/posts\/18159\/revisions"}],"predecessor-version":[{"id":18217,"href":"https:\/\/www.turismefacil.org\/index.php?rest_route=\/wp\/v2\/posts\/18159\/revisions\/18217"}],"wp:featuredmedia":[{"embeddable":true,"href":"https:\/\/www.turismefacil.org\/index.php?rest_route=\/wp\/v2\/media\/18134"}],"wp:attachment":[{"href":"https:\/\/www.turismefacil.org\/index.php?rest_route=%2Fwp%2Fv2%2Fmedia&parent=18159"}],"wp:term":[{"taxonomy":"category","embeddable":true,"href":"https:\/\/www.turismefacil.org\/index.php?rest_route=%2Fwp%2Fv2%2Fcategories&post=18159"},{"taxonomy":"post_tag","embeddable":true,"href":"https:\/\/www.turismefacil.org\/index.php?rest_route=%2Fwp%2Fv2%2Ftags&post=18159"}],"curies":[{"name":"wp","href":"https:\/\/api.w.org\/{rel}","templated":true}]}}